{"id":21194,"date":"2021-05-12T18:54:41","date_gmt":"2021-05-12T18:54:41","guid":{"rendered":"https:\/\/blogdorogeriogomes.com.br\/?p=21194"},"modified":"2021-05-12T21:10:23","modified_gmt":"2021-05-12T21:10:23","slug":"ex-secretario-de-comunicacao-revela-que-oferta-de-doses-da-pfizer-ficou-dois-meses-sem-resposta-do-governo-federal","status":"publish","type":"post","link":"https:\/\/blogdorogeriogomes.com.br\/noticias\/2021\/05\/ex-secretario-de-comunicacao-revela-que-oferta-de-doses-da-pfizer-ficou-dois-meses-sem-resposta-do-governo-federal\/","title":{"rendered":"Ex-secret\u00e1rio de Comunica\u00e7\u00e3o revela que oferta de doses da Pfizer ficou dois meses sem resposta do Governo Federal"},"content":{"rendered":"\n<p>Em dia tenso na CPI da Covid, nesta quarta-feira, dia 12 de maio, o ex-secret\u00e1rio de Comunica\u00e7\u00e3o da Presid\u00eancia da Rep\u00fablica, Fabio Wajngarten, revelou que a carta enviada pela Pfizer com oferta de doses da vacina ao Pa\u00eds ficou dois meses sem resposta por parte do Governo Federal. Segundo o publicit\u00e1rio, ele mesmo foi atr\u00e1s de prestar um retorno \u00e0 empresa norte-americana sobre a proposta, e que nenhum dos destinat\u00e1rios diretos do documento apresentou retorno algum.<\/p>\n\n\n\n<p>&#8220;A carta foi enviada dia 12 de setembro. O dono de um ve\u00edculo de comunica\u00e7\u00e3o me avisa em 9 de novembro que a carta n\u00e3o foi respondida. Nesse momento, envio um e-mail ao presidente da Pfizer. Quinze minutos depois, o presidente da Pfizer no Brasil, eu liguei para Nova York, me responde. Ele me diz: \u2018Fabio, obrigado pelo seu contato&#8217;\u201d, contou.<\/p>\n\n\n\n<p>A Pfizer divulgou nota, no m\u00eas de janeiro deste ano, afirmando que ofereceu ao governo brasileiro a chance de compra de 70 milh\u00f5es de doses do imunizante contra a Covid-19 ainda em agosto de 2020, com entrega prevista j\u00e1 para dezembro do mesmo ano. A carta foi endere\u00e7ada ao presidente Jair Bolsonaro, ao vice-presidente, Hamilton Mour\u00e3o, o ent\u00e3o ministro da Sa\u00fade, Eduardo Pazuello, o ent\u00e3o ministro da Casa Civil, Braga Netto, ao ministro da Economia, Paulo Guedes, e ao embaixador do Brasil para os Estados Unidos, Nestor Foster.<\/p>\n\n\n\n<p>Ao longo de seu depoimento, diferente do que disse em entrevista \u00e0 revista Veja em abril, Wajngarten disse que a falta de vacinas n\u00e3o se deu pela &#8220;incompet\u00eancia&#8221; de Pazuello e da equipe do Minist\u00e9rio da Sa\u00fade, e tamb\u00e9m negou a exist\u00eancia de um aconselhamento paralelo na Presid\u00eancia. A mudan\u00e7a do discurso gerou revolta por parte dos senadores. O relator da CPI, Renan Calheiros (MDB), sugeriu pedir ao ve\u00edculo de comunica\u00e7\u00e3o o \u00e1udio da entrevista e chegou a amea\u00e7ar pris\u00e3o de Wajngarten, caso fosse comprovado que este estivesse mentindo para a comiss\u00e3o.<\/p>\n\n\n\n<p>Wajngarten tamb\u00e9m foi bastante criticado pelos senadores por afirmar n\u00e3o saber &#8220;medir o impacto de uma fala do presidente&#8221;, al\u00e9m de sustentar que n\u00e3o sabia quais ag\u00eancias cuidavam da comunica\u00e7\u00e3o de cada pasta e representante bolsonarista. Em meio \u00e0 press\u00e3o por resposta dos senadores, o senador cearense Eduardo Gir\u00e3o (Podemos) partiu em defesa do ex-secret\u00e1rio, afirmando que ele estava sendo &#8220;humilhado&#8221; pela CPI. Em resposta, o presidente da comiss\u00e3o, Omar Aziz (PSD), disse que &#8220;humilha\u00e7\u00e3o \u00e9 o povo n\u00e3o ter dinheiro para comer&#8221;.<\/p>\n\n\n\n<figure class=\"wp-block-image size-large\"><img loading=\"lazy\" decoding=\"async\" width=\"804\" height=\"536\" src=\"https:\/\/blogdorogeriogomes.com.br\/wp-content\/uploads\/2021\/05\/depoimento-do-ex-secretario-de-comunicacao-da-presidencia-fabio-wajngarten-a-cpi.jpeg\" alt=\"\" class=\"wp-image-21195\" srcset=\"https:\/\/blogdorogeriogomes.com.br\/noticias\/wp-content\/uploads\/2021\/05\/depoimento-do-ex-secretario-de-comunicacao-da-presidencia-fabio-wajngarten-a-cpi.jpeg 804w, https:\/\/blogdorogeriogomes.com.br\/noticias\/wp-content\/uploads\/2021\/05\/depoimento-do-ex-secretario-de-comunicacao-da-presidencia-fabio-wajngarten-a-cpi-300x200.jpeg 300w, https:\/\/blogdorogeriogomes.com.br\/noticias\/wp-content\/uploads\/2021\/05\/depoimento-do-ex-secretario-de-comunicacao-da-presidencia-fabio-wajngarten-a-cpi-768x512.jpeg 768w, https:\/\/blogdorogeriogomes.com.br\/noticias\/wp-content\/uploads\/2021\/05\/depoimento-do-ex-secretario-de-comunicacao-da-presidencia-fabio-wajngarten-a-cpi-800x533.jpeg 800w\" sizes=\"auto, (max-width: 804px) 100vw, 804px\" \/><\/figure>\n","protected":false},"excerpt":{"rendered":"<p>Em dia tenso na CPI da Covid, nesta quarta-feira, dia 12 de maio, o ex-secret\u00e1rio de Comunica\u00e7\u00e3o da Presid\u00eancia da Rep\u00fablica, Fabio Wajngarten, revelou que a carta enviada pela Pfizer com oferta de doses da vacina ao Pa\u00eds ficou dois meses sem resposta por parte do Governo Federal. Segundo o publicit\u00e1rio, ele mesmo foi atr\u00e1s de prestar um retorno \u00e0 empresa norte-americana sobre a proposta, e que nenhum dos destinat\u00e1rios diretos do documento apresentou retorno algum. &#8220;A carta foi&hellip;<\/p>\n","protected":false},"author":1,"featured_media":21195,"comment_status":"open","ping_status":"open","sticky":false,"template":"","format":"standard","meta":{"footnotes":""},"categories":[1],"tags":[],"class_list":["post-21194","post","type-post","status-publish","format-standard","has-post-thumbnail","hentry","category-noticias"],"_links":{"self":[{"href":"https:\/\/blogdorogeriogomes.com.br\/noticias\/wp-json\/wp\/v2\/posts\/21194","targetHints":{"allow":["GET"]}}],"collection":[{"href":"https:\/\/blogdorogeriogomes.com.br\/noticias\/wp-json\/wp\/v2\/posts"}],"about":[{"href":"https:\/\/blogdorogeriogomes.com.br\/noticias\/wp-json\/wp\/v2\/types\/post"}],"author":[{"embeddable":true,"href":"https:\/\/blogdorogeriogomes.com.br\/noticias\/wp-json\/wp\/v2\/users\/1"}],"replies":[{"embeddable":true,"href":"https:\/\/blogdorogeriogomes.com.br\/noticias\/wp-json\/wp\/v2\/comments?post=21194"}],"version-history":[{"count":1,"href":"https:\/\/blogdorogeriogomes.com.br\/noticias\/wp-json\/wp\/v2\/posts\/21194\/revisions"}],"predecessor-version":[{"id":21196,"href":"https:\/\/blogdorogeriogomes.com.br\/noticias\/wp-json\/wp\/v2\/posts\/21194\/revisions\/21196"}],"wp:featuredmedia":[{"embeddable":true,"href":"https:\/\/blogdorogeriogomes.com.br\/noticias\/wp-json\/wp\/v2\/media\/21195"}],"wp:attachment":[{"href":"https:\/\/blogdorogeriogomes.com.br\/noticias\/wp-json\/wp\/v2\/media?parent=21194"}],"wp:term":[{"taxonomy":"category","embeddable":true,"href":"https:\/\/blogdorogeriogomes.com.br\/noticias\/wp-json\/wp\/v2\/categories?post=21194"},{"taxonomy":"post_tag","embeddable":true,"href":"https:\/\/blogdorogeriogomes.com.br\/noticias\/wp-json\/wp\/v2\/tags?post=21194"}],"curies":[{"name":"wp","href":"https:\/\/api.w.org\/{rel}","templated":true}]}}