{"id":21201,"date":"2021-05-12T23:34:35","date_gmt":"2021-05-12T23:34:35","guid":{"rendered":"https:\/\/blogdorogeriogomes.com.br\/?p=21201"},"modified":"2021-05-13T12:04:47","modified_gmt":"2021-05-13T12:04:47","slug":"assembleia-legislativa-adere-a-campanha-vacinacao-solidaria-com-distribuicao-de-10-mil-cestas-basicas","status":"publish","type":"post","link":"https:\/\/blogdorogeriogomes.com.br\/noticias\/2021\/05\/assembleia-legislativa-adere-a-campanha-vacinacao-solidaria-com-distribuicao-de-10-mil-cestas-basicas\/","title":{"rendered":"Assembleia Legislativa adere a campanha &#8220;Vacina\u00e7\u00e3o Solid\u00e1ria&#8221; com distribui\u00e7\u00e3o de 10 mil cestas b\u00e1sicas"},"content":{"rendered":"\n<p>Com o lan\u00e7amento da campanha de &#8220;Vacina\u00e7\u00e3o Solid\u00e1ria&#8221;, lan\u00e7ada na \u00faltima ter\u00e7a-feira, dia 11 de maio, a Assembleia Legislativa do Cear\u00e1 aderiu \u00e0 campanha como parceria com outras institui\u00e7\u00f5es. A a\u00e7\u00e3o prev\u00ea que as pessoas que foram vacinadas possam levar alimentos da cesta b\u00e1sica para doar a entidades de todo o Estado. O lan\u00e7amento virtual contou com a participa\u00e7\u00e3o do Governador do Cear\u00e1, Camilo Santana, a primeira-dama On\u00e9lia Santana e a vice-governadora Izolda Cela, entre outras entidades.<br>A Casa Legislativa tamb\u00e9m lan\u00e7ou este m\u00eas o Pacto Cear\u00e1 Contra a Fome, com o objetivo de adquirir e distribuir cestas b\u00e1sicas para fam\u00edlias em situa\u00e7\u00e3o de alta vulnerabilidade social em munic\u00edpios com baixo \u00cdndice de Desenvolvimento Humano (IDH), enquanto vigorar o estado de calamidade p\u00fablica em raz\u00e3o da pandemia do Coronav\u00edrus.<br>O presidente da Assembleia Legislativa, Evandro Leit\u00e3o, ressaltou durante o lan\u00e7amento da campanha que ser\u00e3o doadas 10 mil cestas b\u00e1sicas.<br>&#8220;Aprovamos uma lei na Assembleia Legislativa do Estado do Cear\u00e1 na \u00faltima quinta-feira, que denominamos o Pacto Cear\u00e1 contra a Fome, em que iremos doar mensalmente 10 mil cestas b\u00e1sicas para nossos irm\u00e3os e irm\u00e3s cearenses&#8221;.<br>O objetivo desta iniciativa \u00e9 ampliar a ajuda a fam\u00edlias em situa\u00e7\u00e3o de vulnerabilidade que t\u00eam sofrido com a pandemia de Covid-19 em conson\u00e2ncia com os programas Mais Nutri\u00e7\u00e3o e o Mesa Brasil.<br>Para mais informa\u00e7\u00f5es sobre a campanha, basta entrar em contato com o Programa Mais Nutri\u00e7\u00e3o, atrav\u00e9s do telefone: (85) 99113.2246 (Mais Nutri\u00e7\u00e3o) ou (85) 99662.9158 (Mesa Brasil) ou doar pelo Pix: mesabrasil@sesc-ce.com.br. O site \u00e9 o vacinacaosolidaria.ceara.gov.br.<\/p>\n\n\n\n<figure class=\"wp-block-image size-large\"><img loading=\"lazy\" decoding=\"async\" width=\"275\" height=\"183\" src=\"https:\/\/blogdorogeriogomes.com.br\/wp-content\/uploads\/2021\/05\/IMG-20210512-WA0052.jpg\" alt=\"\" class=\"wp-image-21202\"\/><\/figure>\n","protected":false},"excerpt":{"rendered":"<p>Com o lan\u00e7amento da campanha de &#8220;Vacina\u00e7\u00e3o Solid\u00e1ria&#8221;, lan\u00e7ada na \u00faltima ter\u00e7a-feira, dia 11 de maio, a Assembleia Legislativa do Cear\u00e1 aderiu \u00e0 campanha como parceria com outras institui\u00e7\u00f5es. A a\u00e7\u00e3o prev\u00ea que as pessoas que foram vacinadas possam levar alimentos da cesta b\u00e1sica para doar a entidades de todo o Estado. O lan\u00e7amento virtual contou com a participa\u00e7\u00e3o do Governador do Cear\u00e1, Camilo Santana, a primeira-dama On\u00e9lia Santana e a vice-governadora Izolda Cela, entre outras entidades.A Casa Legislativa&hellip;<\/p>\n","protected":false},"author":1,"featured_media":21202,"comment_status":"open","ping_status":"open","sticky":false,"template":"","format":"standard","meta":{"footnotes":""},"categories":[1],"tags":[],"class_list":["post-21201","post","type-post","status-publish","format-standard","has-post-thumbnail","hentry","category-noticias"],"_links":{"self":[{"href":"https:\/\/blogdorogeriogomes.com.br\/noticias\/wp-json\/wp\/v2\/posts\/21201","targetHints":{"allow":["GET"]}}],"collection":[{"href":"https:\/\/blogdorogeriogomes.com.br\/noticias\/wp-json\/wp\/v2\/posts"}],"about":[{"href":"https:\/\/blogdorogeriogomes.com.br\/noticias\/wp-json\/wp\/v2\/types\/post"}],"author":[{"embeddable":true,"href":"https:\/\/blogdorogeriogomes.com.br\/noticias\/wp-json\/wp\/v2\/users\/1"}],"replies":[{"embeddable":true,"href":"https:\/\/blogdorogeriogomes.com.br\/noticias\/wp-json\/wp\/v2\/comments?post=21201"}],"version-history":[{"count":1,"href":"https:\/\/blogdorogeriogomes.com.br\/noticias\/wp-json\/wp\/v2\/posts\/21201\/revisions"}],"predecessor-version":[{"id":21203,"href":"https:\/\/blogdorogeriogomes.com.br\/noticias\/wp-json\/wp\/v2\/posts\/21201\/revisions\/21203"}],"wp:featuredmedia":[{"embeddable":true,"href":"https:\/\/blogdorogeriogomes.com.br\/noticias\/wp-json\/wp\/v2\/media\/21202"}],"wp:attachment":[{"href":"https:\/\/blogdorogeriogomes.com.br\/noticias\/wp-json\/wp\/v2\/media?parent=21201"}],"wp:term":[{"taxonomy":"category","embeddable":true,"href":"https:\/\/blogdorogeriogomes.com.br\/noticias\/wp-json\/wp\/v2\/categories?post=21201"},{"taxonomy":"post_tag","embeddable":true,"href":"https:\/\/blogdorogeriogomes.com.br\/noticias\/wp-json\/wp\/v2\/tags?post=21201"}],"curies":[{"name":"wp","href":"https:\/\/api.w.org\/{rel}","templated":true}]}}