{"id":21204,"date":"2021-05-13T00:03:42","date_gmt":"2021-05-13T00:03:42","guid":{"rendered":"https:\/\/blogdorogeriogomes.com.br\/?p=21204"},"modified":"2021-05-13T12:04:32","modified_gmt":"2021-05-13T12:04:32","slug":"fortaleza-recebe-11-mil-doses-de-vacinas-coronavac-e-tera-mutirao-de-aplicacao-de-2a-dose-nesta-quinta-feira","status":"publish","type":"post","link":"https:\/\/blogdorogeriogomes.com.br\/noticias\/2021\/05\/fortaleza-recebe-11-mil-doses-de-vacinas-coronavac-e-tera-mutirao-de-aplicacao-de-2a-dose-nesta-quinta-feira\/","title":{"rendered":"Fortaleza recebe 11 mil doses de vacinas CoronaVac e ter\u00e1 mutir\u00e3o de aplica\u00e7\u00e3o de 2\u00aa dose nesta quinta-feira"},"content":{"rendered":"\n<p>Nesta quarta-feira, dia 12 de maio, Fortaleza recebeu 11 mil doses de CoronaVac para aplica\u00e7\u00e3o da segunda dose. A informa\u00e7\u00e3o foi divulgada pelo prefeito Jos\u00e9 Sarto (PDT). Nesta quinta-feira, dia 13, a Prefeitura vai realizar um mutir\u00e3o de vacina\u00e7\u00e3o em todos os centros de vacina\u00e7\u00e3o da Capital.<br>Com essa nova remessa, a Capital totaliza 29.800 doses do imunizante recebidas neste m\u00eas. O n\u00famero de pessoas com D2 atrasada, entre os dias 29 de abril e 1\u00ba de maio, totaliza 38.872. Subtraindo esse total das doses recebidas at\u00e9 o momento, a Capital ainda tem d\u00e9ficit de 9.072 doses para suprir.<\/p>\n\n\n\n<p>A Justi\u00e7a Federal tamb\u00e9m determinou nesta quarta-feira, dia 12, o envio imediato de 25.019 doses da vacina CoronaVac para conclus\u00e3o da etapa de imuniza\u00e7\u00e3o de idosos nos munic\u00edpios cearenses. A decis\u00e3o \u00e9 resultado de uma a\u00e7\u00e3o civil p\u00fablica movida, no in\u00edcio do m\u00eas de maio, pelo Governo do Cear\u00e1, em conjunto com o Minist\u00e9rio P\u00fablico Estadual, Minist\u00e9rio P\u00fablico Federal, Minist\u00e9rio P\u00fablico do Trabalho e a Procuradoria Geral do Estado. Com a vit\u00f3ria, os idosos com a segunda dose atrasada do imunizante ter\u00e3o o quantitativo necess\u00e1rio para serem contemplados.<\/p>\n\n\n\n<figure class=\"wp-block-image size-large\"><img loading=\"lazy\" decoding=\"async\" width=\"678\" height=\"452\" src=\"https:\/\/blogdorogeriogomes.com.br\/wp-content\/uploads\/2021\/05\/IMG-20210512-WA0152.jpg\" alt=\"\" class=\"wp-image-21205\" srcset=\"https:\/\/blogdorogeriogomes.com.br\/noticias\/wp-content\/uploads\/2021\/05\/IMG-20210512-WA0152.jpg 678w, https:\/\/blogdorogeriogomes.com.br\/noticias\/wp-content\/uploads\/2021\/05\/IMG-20210512-WA0152-300x200.jpg 300w\" sizes=\"auto, (max-width: 678px) 100vw, 678px\" \/><\/figure>\n\n\n\n<p><\/p>\n\n\n\n<p><\/p>\n\n\n\n<p><br><\/p>\n","protected":false},"excerpt":{"rendered":"<p>Nesta quarta-feira, dia 12 de maio, Fortaleza recebeu 11 mil doses de CoronaVac para aplica\u00e7\u00e3o da segunda dose. A informa\u00e7\u00e3o foi divulgada pelo prefeito Jos\u00e9 Sarto (PDT). Nesta quinta-feira, dia 13, a Prefeitura vai realizar um mutir\u00e3o de vacina\u00e7\u00e3o em todos os centros de vacina\u00e7\u00e3o da Capital.Com essa nova remessa, a Capital totaliza 29.800 doses do imunizante recebidas neste m\u00eas. O n\u00famero de pessoas com D2 atrasada, entre os dias 29 de abril e 1\u00ba de maio, totaliza 38.872.&hellip;<\/p>\n","protected":false},"author":1,"featured_media":21205,"comment_status":"open","ping_status":"open","sticky":false,"template":"","format":"standard","meta":{"footnotes":""},"categories":[1],"tags":[],"class_list":["post-21204","post","type-post","status-publish","format-standard","has-post-thumbnail","hentry","category-noticias"],"_links":{"self":[{"href":"https:\/\/blogdorogeriogomes.com.br\/noticias\/wp-json\/wp\/v2\/posts\/21204","targetHints":{"allow":["GET"]}}],"collection":[{"href":"https:\/\/blogdorogeriogomes.com.br\/noticias\/wp-json\/wp\/v2\/posts"}],"about":[{"href":"https:\/\/blogdorogeriogomes.com.br\/noticias\/wp-json\/wp\/v2\/types\/post"}],"author":[{"embeddable":true,"href":"https:\/\/blogdorogeriogomes.com.br\/noticias\/wp-json\/wp\/v2\/users\/1"}],"replies":[{"embeddable":true,"href":"https:\/\/blogdorogeriogomes.com.br\/noticias\/wp-json\/wp\/v2\/comments?post=21204"}],"version-history":[{"count":1,"href":"https:\/\/blogdorogeriogomes.com.br\/noticias\/wp-json\/wp\/v2\/posts\/21204\/revisions"}],"predecessor-version":[{"id":21206,"href":"https:\/\/blogdorogeriogomes.com.br\/noticias\/wp-json\/wp\/v2\/posts\/21204\/revisions\/21206"}],"wp:featuredmedia":[{"embeddable":true,"href":"https:\/\/blogdorogeriogomes.com.br\/noticias\/wp-json\/wp\/v2\/media\/21205"}],"wp:attachment":[{"href":"https:\/\/blogdorogeriogomes.com.br\/noticias\/wp-json\/wp\/v2\/media?parent=21204"}],"wp:term":[{"taxonomy":"category","embeddable":true,"href":"https:\/\/blogdorogeriogomes.com.br\/noticias\/wp-json\/wp\/v2\/categories?post=21204"},{"taxonomy":"post_tag","embeddable":true,"href":"https:\/\/blogdorogeriogomes.com.br\/noticias\/wp-json\/wp\/v2\/tags?post=21204"}],"curies":[{"name":"wp","href":"https:\/\/api.w.org\/{rel}","templated":true}]}}