{"id":21208,"date":"2021-05-13T10:31:49","date_gmt":"2021-05-13T10:31:49","guid":{"rendered":"https:\/\/blogdorogeriogomes.com.br\/?p=21208"},"modified":"2021-05-13T12:04:17","modified_gmt":"2021-05-13T12:04:17","slug":"aprovacao-de-bolsonaro-atinge-a-sua-pior-marca-desde-o-inicio-do-mandato-diz-datafolha","status":"publish","type":"post","link":"https:\/\/blogdorogeriogomes.com.br\/noticias\/2021\/05\/aprovacao-de-bolsonaro-atinge-a-sua-pior-marca-desde-o-inicio-do-mandato-diz-datafolha\/","title":{"rendered":"Aprova\u00e7\u00e3o de Bolsonaro atinge a sua pior marca desde o in\u00edcio do mandato, diz Datafolha"},"content":{"rendered":"\n<p>O mandato do presidente Jair Bolsonaro entrou num sinal de alerta com o pior \u00edndice de aprova\u00e7\u00e3o desde o in\u00edcio do mandato, segundo pesquisa do Instituto Datafolha, divulgada nesta quarta-feira, dia 12 de maio. O governo do presidente Jair Bolsonaro tem a aprova\u00e7\u00e3o de 24% dos brasileiros. O percentual dos que consideram a gest\u00e3o \u00f3tima ou boa era de 30% em mar\u00e7o passado na pesquisa anterior.<\/p>\n\n\n\n<p>A avalia\u00e7\u00e3o negativa cresceu um ponto. Os que consideram a gest\u00e3o de Bolsonaro ruim ou p\u00e9ssima eram 44% em mar\u00e7o e agora \u00e9 45% na nova pesquisa. A fatia de \u00f3timo ou bom, que em dezembro de 2020 atingia o recorde de 37%, foi caindo at\u00e9 chegar ao atual patamar de 24%.<\/p>\n\n\n\n<figure class=\"wp-block-image size-large\"><img loading=\"lazy\" decoding=\"async\" width=\"699\" height=\"438\" src=\"https:\/\/blogdorogeriogomes.com.br\/wp-content\/uploads\/2021\/05\/images-2021-05-13T072107.135.jpeg\" alt=\"\" class=\"wp-image-21209\" srcset=\"https:\/\/blogdorogeriogomes.com.br\/noticias\/wp-content\/uploads\/2021\/05\/images-2021-05-13T072107.135.jpeg 699w, https:\/\/blogdorogeriogomes.com.br\/noticias\/wp-content\/uploads\/2021\/05\/images-2021-05-13T072107.135-300x188.jpeg 300w, https:\/\/blogdorogeriogomes.com.br\/noticias\/wp-content\/uploads\/2021\/05\/images-2021-05-13T072107.135-320x202.jpeg 320w\" sizes=\"auto, (max-width: 699px) 100vw, 699px\" \/><\/figure>\n","protected":false},"excerpt":{"rendered":"<p>O mandato do presidente Jair Bolsonaro entrou num sinal de alerta com o pior \u00edndice de aprova\u00e7\u00e3o desde o in\u00edcio do mandato, segundo pesquisa do Instituto Datafolha, divulgada nesta quarta-feira, dia 12 de maio. O governo do presidente Jair Bolsonaro tem a aprova\u00e7\u00e3o de 24% dos brasileiros. O percentual dos que consideram a gest\u00e3o \u00f3tima ou boa era de 30% em mar\u00e7o passado na pesquisa anterior. A avalia\u00e7\u00e3o negativa cresceu um ponto. Os que consideram a gest\u00e3o de Bolsonaro&hellip;<\/p>\n","protected":false},"author":1,"featured_media":21209,"comment_status":"open","ping_status":"open","sticky":false,"template":"","format":"standard","meta":{"footnotes":""},"categories":[1],"tags":[],"class_list":["post-21208","post","type-post","status-publish","format-standard","has-post-thumbnail","hentry","category-noticias"],"_links":{"self":[{"href":"https:\/\/blogdorogeriogomes.com.br\/noticias\/wp-json\/wp\/v2\/posts\/21208","targetHints":{"allow":["GET"]}}],"collection":[{"href":"https:\/\/blogdorogeriogomes.com.br\/noticias\/wp-json\/wp\/v2\/posts"}],"about":[{"href":"https:\/\/blogdorogeriogomes.com.br\/noticias\/wp-json\/wp\/v2\/types\/post"}],"author":[{"embeddable":true,"href":"https:\/\/blogdorogeriogomes.com.br\/noticias\/wp-json\/wp\/v2\/users\/1"}],"replies":[{"embeddable":true,"href":"https:\/\/blogdorogeriogomes.com.br\/noticias\/wp-json\/wp\/v2\/comments?post=21208"}],"version-history":[{"count":1,"href":"https:\/\/blogdorogeriogomes.com.br\/noticias\/wp-json\/wp\/v2\/posts\/21208\/revisions"}],"predecessor-version":[{"id":21210,"href":"https:\/\/blogdorogeriogomes.com.br\/noticias\/wp-json\/wp\/v2\/posts\/21208\/revisions\/21210"}],"wp:featuredmedia":[{"embeddable":true,"href":"https:\/\/blogdorogeriogomes.com.br\/noticias\/wp-json\/wp\/v2\/media\/21209"}],"wp:attachment":[{"href":"https:\/\/blogdorogeriogomes.com.br\/noticias\/wp-json\/wp\/v2\/media?parent=21208"}],"wp:term":[{"taxonomy":"category","embeddable":true,"href":"https:\/\/blogdorogeriogomes.com.br\/noticias\/wp-json\/wp\/v2\/categories?post=21208"},{"taxonomy":"post_tag","embeddable":true,"href":"https:\/\/blogdorogeriogomes.com.br\/noticias\/wp-json\/wp\/v2\/tags?post=21208"}],"curies":[{"name":"wp","href":"https:\/\/api.w.org\/{rel}","templated":true}]}}