{"id":21216,"date":"2021-05-13T18:04:28","date_gmt":"2021-05-13T18:04:28","guid":{"rendered":"https:\/\/blogdorogeriogomes.com.br\/?p=21216"},"modified":"2021-05-14T11:01:14","modified_gmt":"2021-05-14T11:01:14","slug":"executivo-da-pfizer-diz-na-cpi-que-brasil-poderia-ter-15-milhao-de-doses-da-vacina-em-2020-mas-governo-bolsonaro-nao-aceitou","status":"publish","type":"post","link":"https:\/\/blogdorogeriogomes.com.br\/noticias\/2021\/05\/executivo-da-pfizer-diz-na-cpi-que-brasil-poderia-ter-15-milhao-de-doses-da-vacina-em-2020-mas-governo-bolsonaro-nao-aceitou\/","title":{"rendered":"Executivo da Pfizer diz na CPI que Brasil poderia ter 1,5 milh\u00e3o de doses da vacina em 2020, mas Governo Bolsonaro n\u00e3o aceitou"},"content":{"rendered":"\n<p>O gerente-geral da Pfizer para a Am\u00e9rica Latina, Carlos Murillo, dep\u00f4s nesta quinta-feira, dia 13 de maio, na CPI da Covid, no Senado Federal. Em sua fala, o executivo da empresa farmac\u00eautica multinacional confirmou que o Governo Federal n\u00e3o aceitou propostas para compra de 70 milh\u00f5es de doses do imunizante contra a Covid-19, oferecidas entre agosto e setembro de 2020. Murillo revelou que, caso o acordo tivesse ocorrido, o Brasil receberia 1,5 milh\u00e3o de doses ainda em dezembro do ano passado.<\/p>\n\n\n\n<p>&#8220;As propostas foram todas formalizadas atrav\u00e9s de documentos enviados ao Minist\u00e9rio da Sa\u00fade&#8221;, detalhou o gerente. &#8220;Na oferta de agosto tinha uma validade de 15 dias. Passados esses 15 dias, o governo nem aceitou, nem rejeitou a oferta. N\u00e3o tivemos resposta positiva, nem negativa&#8221;. O CEO da empresa revelou ainda que Carlos Bolsonaro, vereador do Rio de Janeiro e filho do presidente, participou das reuni\u00f5es para discuss\u00e3o de aquisi\u00e7\u00e3o da vacina com representantes do governo.<\/p>\n\n\n\n<p>De acordo com Carlos Murillo, n\u00e3o houve dificuldade alguma imposta pela Pfizer para o acordo, apenas a falta de decis\u00e3o por parte do governo de Jair Bolsonaro, na \u00e9poca com Eduardo Pazuello \u00e0 frente do Minist\u00e9rio da Sa\u00fade. &#8220;A Pfizer exigiu a todos os pa\u00edses as mesmas condi\u00e7\u00f5es que ofereceu ao Brasil&#8221;, pontuou.<\/p>\n\n\n\n<p>Os parlamentares aprovaram, neste dia de trabalho da CPI, a convoca\u00e7\u00e3o da m\u00e9dica cearense Mayra Pinheiro, secret\u00e1ria de Gest\u00e3o do Trabalho e da Educa\u00e7\u00e3o do Minist\u00e9rio da Sa\u00fade, que ficou conhecida como &#8220;capit\u00e3 cloroquina&#8221; por defender institucionalmente o uso do medicamento no tratamento contra Covid e difundi-lo pelo Pa\u00eds. Outra defensora da cloroquina e acusada de buscar a altera\u00e7\u00e3o da bula do medicamento, a m\u00e9dica Nise Yamaguchi tamb\u00e9m receber\u00e1 o convite do colegiado.<\/p>\n\n\n\n<p>Ainda durante os trabalhos da comiss\u00e3o, o clima esquentou quando o relator Renan Calheiros (MDB) fez cr\u00edticas ao presidente Jair Bolsonaro por este ir ao Alagoas nesta quinta &#8220;inaugurar obra j\u00e1 inaugurada, apenas para atacar a CPI&#8221;. O momento foi seguido de intenso bate-boca entre os senadores de oposi\u00e7\u00e3o e governistas.<\/p>\n\n\n\n<figure class=\"wp-block-image size-large\"><img loading=\"lazy\" decoding=\"async\" width=\"715\" height=\"429\" src=\"https:\/\/blogdorogeriogomes.com.br\/wp-content\/uploads\/2021\/05\/images-2021-05-13T150053.555.jpeg\" alt=\"\" class=\"wp-image-21217\" srcset=\"https:\/\/blogdorogeriogomes.com.br\/noticias\/wp-content\/uploads\/2021\/05\/images-2021-05-13T150053.555.jpeg 715w, https:\/\/blogdorogeriogomes.com.br\/noticias\/wp-content\/uploads\/2021\/05\/images-2021-05-13T150053.555-300x180.jpeg 300w\" sizes=\"auto, (max-width: 715px) 100vw, 715px\" \/><\/figure>\n","protected":false},"excerpt":{"rendered":"<p>O gerente-geral da Pfizer para a Am\u00e9rica Latina, Carlos Murillo, dep\u00f4s nesta quinta-feira, dia 13 de maio, na CPI da Covid, no Senado Federal. Em sua fala, o executivo da empresa farmac\u00eautica multinacional confirmou que o Governo Federal n\u00e3o aceitou propostas para compra de 70 milh\u00f5es de doses do imunizante contra a Covid-19, oferecidas entre agosto e setembro de 2020. Murillo revelou que, caso o acordo tivesse ocorrido, o Brasil receberia 1,5 milh\u00e3o de doses ainda em dezembro do&hellip;<\/p>\n","protected":false},"author":1,"featured_media":21217,"comment_status":"open","ping_status":"open","sticky":false,"template":"","format":"standard","meta":{"footnotes":""},"categories":[1],"tags":[],"class_list":["post-21216","post","type-post","status-publish","format-standard","has-post-thumbnail","hentry","category-noticias"],"_links":{"self":[{"href":"https:\/\/blogdorogeriogomes.com.br\/noticias\/wp-json\/wp\/v2\/posts\/21216","targetHints":{"allow":["GET"]}}],"collection":[{"href":"https:\/\/blogdorogeriogomes.com.br\/noticias\/wp-json\/wp\/v2\/posts"}],"about":[{"href":"https:\/\/blogdorogeriogomes.com.br\/noticias\/wp-json\/wp\/v2\/types\/post"}],"author":[{"embeddable":true,"href":"https:\/\/blogdorogeriogomes.com.br\/noticias\/wp-json\/wp\/v2\/users\/1"}],"replies":[{"embeddable":true,"href":"https:\/\/blogdorogeriogomes.com.br\/noticias\/wp-json\/wp\/v2\/comments?post=21216"}],"version-history":[{"count":1,"href":"https:\/\/blogdorogeriogomes.com.br\/noticias\/wp-json\/wp\/v2\/posts\/21216\/revisions"}],"predecessor-version":[{"id":21218,"href":"https:\/\/blogdorogeriogomes.com.br\/noticias\/wp-json\/wp\/v2\/posts\/21216\/revisions\/21218"}],"wp:featuredmedia":[{"embeddable":true,"href":"https:\/\/blogdorogeriogomes.com.br\/noticias\/wp-json\/wp\/v2\/media\/21217"}],"wp:attachment":[{"href":"https:\/\/blogdorogeriogomes.com.br\/noticias\/wp-json\/wp\/v2\/media?parent=21216"}],"wp:term":[{"taxonomy":"category","embeddable":true,"href":"https:\/\/blogdorogeriogomes.com.br\/noticias\/wp-json\/wp\/v2\/categories?post=21216"},{"taxonomy":"post_tag","embeddable":true,"href":"https:\/\/blogdorogeriogomes.com.br\/noticias\/wp-json\/wp\/v2\/tags?post=21216"}],"curies":[{"name":"wp","href":"https:\/\/api.w.org\/{rel}","templated":true}]}}