{"id":21219,"date":"2021-05-13T18:14:57","date_gmt":"2021-05-13T18:14:57","guid":{"rendered":"https:\/\/blogdorogeriogomes.com.br\/?p=21219"},"modified":"2021-05-14T11:01:04","modified_gmt":"2021-05-14T11:01:04","slug":"diante-da-segunda-onda-da-covid-19-no-ceara-vestibular-da-uece-e-adiado-para-junho","status":"publish","type":"post","link":"https:\/\/blogdorogeriogomes.com.br\/noticias\/2021\/05\/diante-da-segunda-onda-da-covid-19-no-ceara-vestibular-da-uece-e-adiado-para-junho\/","title":{"rendered":"Diante da segunda onda da Covid-19 no Cear\u00e1, vestibular da Uece \u00e9 adiado para junho"},"content":{"rendered":"\n<p>Para quem estava se preparando para o vestibular na Universidade Estadual do Cear\u00e1 (Uece) na primeira fase de 2021.1, prevista para o pr\u00f3ximo dia 30 de maio, pode estender os estudos. Isso porque atrav\u00e9s da Comiss\u00e3o Executiva de Vestibular (CEV), a Uece decidiu adiar as provas para o dia 13 de junho de 2021 a ser confirmada.<br>O adiamento da prova ocorreu devido a situa\u00e7\u00e3o da pandemia da Covid-19 no Estado.<br>O Cear\u00e1 passa pela segunda onda da doen\u00e7a e a vacina\u00e7\u00e3o segue em ritmo lento. Dentre as considera\u00e7\u00f5es da comiss\u00e3o, est\u00e3o a poss\u00edvel presen\u00e7a de mais de 16.200 pessoas &#8211; sendo 13.400 candidatos e 2.800 pessoas de apoio t\u00e9cnico ao vestibular, o que poderia favorecer a transmiss\u00e3o do coronav\u00edrus.<br>Para realizar a sele\u00e7\u00e3o, ser\u00e3o necess\u00e1rias 610 salas vislumbrando o distanciamento m\u00ednimo de 1,5 metro entre os candidatos nas cidades de Fortaleza, Crate\u00fas, Itapipoca, Iguatu, Quixad\u00e1, Limoeiro do Norte e Tau\u00e1.<\/p>\n\n\n\n<figure class=\"wp-block-image size-large\"><img loading=\"lazy\" decoding=\"async\" width=\"678\" height=\"452\" src=\"https:\/\/blogdorogeriogomes.com.br\/wp-content\/uploads\/2021\/05\/IMG-20210513-WA0079.jpg\" alt=\"\" class=\"wp-image-21220\" srcset=\"https:\/\/blogdorogeriogomes.com.br\/noticias\/wp-content\/uploads\/2021\/05\/IMG-20210513-WA0079.jpg 678w, https:\/\/blogdorogeriogomes.com.br\/noticias\/wp-content\/uploads\/2021\/05\/IMG-20210513-WA0079-300x200.jpg 300w\" sizes=\"auto, (max-width: 678px) 100vw, 678px\" \/><\/figure>\n","protected":false},"excerpt":{"rendered":"<p>Para quem estava se preparando para o vestibular na Universidade Estadual do Cear\u00e1 (Uece) na primeira fase de 2021.1, prevista para o pr\u00f3ximo dia 30 de maio, pode estender os estudos. Isso porque atrav\u00e9s da Comiss\u00e3o Executiva de Vestibular (CEV), a Uece decidiu adiar as provas para o dia 13 de junho de 2021 a ser confirmada.O adiamento da prova ocorreu devido a situa\u00e7\u00e3o da pandemia da Covid-19 no Estado.O Cear\u00e1 passa pela segunda onda da doen\u00e7a e a&hellip;<\/p>\n","protected":false},"author":1,"featured_media":21220,"comment_status":"open","ping_status":"open","sticky":false,"template":"","format":"standard","meta":{"footnotes":""},"categories":[1],"tags":[],"class_list":["post-21219","post","type-post","status-publish","format-standard","has-post-thumbnail","hentry","category-noticias"],"_links":{"self":[{"href":"https:\/\/blogdorogeriogomes.com.br\/noticias\/wp-json\/wp\/v2\/posts\/21219","targetHints":{"allow":["GET"]}}],"collection":[{"href":"https:\/\/blogdorogeriogomes.com.br\/noticias\/wp-json\/wp\/v2\/posts"}],"about":[{"href":"https:\/\/blogdorogeriogomes.com.br\/noticias\/wp-json\/wp\/v2\/types\/post"}],"author":[{"embeddable":true,"href":"https:\/\/blogdorogeriogomes.com.br\/noticias\/wp-json\/wp\/v2\/users\/1"}],"replies":[{"embeddable":true,"href":"https:\/\/blogdorogeriogomes.com.br\/noticias\/wp-json\/wp\/v2\/comments?post=21219"}],"version-history":[{"count":1,"href":"https:\/\/blogdorogeriogomes.com.br\/noticias\/wp-json\/wp\/v2\/posts\/21219\/revisions"}],"predecessor-version":[{"id":21221,"href":"https:\/\/blogdorogeriogomes.com.br\/noticias\/wp-json\/wp\/v2\/posts\/21219\/revisions\/21221"}],"wp:featuredmedia":[{"embeddable":true,"href":"https:\/\/blogdorogeriogomes.com.br\/noticias\/wp-json\/wp\/v2\/media\/21220"}],"wp:attachment":[{"href":"https:\/\/blogdorogeriogomes.com.br\/noticias\/wp-json\/wp\/v2\/media?parent=21219"}],"wp:term":[{"taxonomy":"category","embeddable":true,"href":"https:\/\/blogdorogeriogomes.com.br\/noticias\/wp-json\/wp\/v2\/categories?post=21219"},{"taxonomy":"post_tag","embeddable":true,"href":"https:\/\/blogdorogeriogomes.com.br\/noticias\/wp-json\/wp\/v2\/tags?post=21219"}],"curies":[{"name":"wp","href":"https:\/\/api.w.org\/{rel}","templated":true}]}}