{"id":21225,"date":"2021-05-14T10:02:51","date_gmt":"2021-05-14T10:02:51","guid":{"rendered":"https:\/\/blogdorogeriogomes.com.br\/?p=21225"},"modified":"2021-05-14T11:00:46","modified_gmt":"2021-05-14T11:00:46","slug":"pazuello-recorre-ao-stf-para-ficar-em-silencio-e-nao-receber-voz-de-prisao-na-cpi-da-covid","status":"publish","type":"post","link":"https:\/\/blogdorogeriogomes.com.br\/noticias\/2021\/05\/pazuello-recorre-ao-stf-para-ficar-em-silencio-e-nao-receber-voz-de-prisao-na-cpi-da-covid\/","title":{"rendered":"Pazuello recorre ao STF para ficar em sil\u00eancio e n\u00e3o receber voz de pris\u00e3o na CPI da Covid"},"content":{"rendered":"\n<p>O que j\u00e1 era previsto, se confirmou. A Advocacia-Geral da Uni\u00e3o (AGU) apresentou ao Supremo Tribunal Federal um habeas corpus preventivo, com pedido de medida liminar, em favor de Eduardo Pazuello, ex-ministro de Sa\u00fade no governo de Bolsonaro. A AGU pede a liminar para que Pazuello possa ficar em sil\u00eancio e n\u00e3o sofra amea\u00e7as de pris\u00e3o durante o seu depoimento na CPI da Covid, marcado para o pr\u00f3ximo dia 19 de maio. O ministro Ricardo Lewandowski ser\u00e1 o relator do HC de Pazuello no STF. O presidente da CPI da Covid no Senado, Omar Aziz, pediu que o STF n\u00e3o interferisse no trabalho da comiss\u00e3o, que apura os desmandos do Governo Federal no combate \u00e0 pandemia.<\/p>\n\n\n\n<p>As evid\u00eancias de omiss\u00e3o do Governo Bolsonaro na compra de vacinas e a op\u00e7\u00e3o de recomendar um tratamento precoce aos pacientes sem efic\u00e1cia ficam cada vez mais claras a cada depoimento na CPI. Mesmo assim, o presidente Jair Bolsonaro aposta na prote\u00e7\u00e3o do ex-ministro Pazuello. Na sua live de quinta-feira, dia 13 de maio, Bolsonaro&nbsp;saiu em defesa de seu ex-ministro: &#8220;Acertou em tudo o que fez no ano passado&#8221;. As provas v\u00eam mostrando ao contr\u00e1rio e mais \u00e0 frente, algu\u00e9m vai ter que pagar pela trag\u00e9dia dos mais de 430 mil mortos pela doen\u00e7a no Pa\u00eds.<\/p>\n\n\n\n<figure class=\"wp-block-image size-large\"><img loading=\"lazy\" decoding=\"async\" width=\"872\" height=\"581\" src=\"https:\/\/blogdorogeriogomes.com.br\/wp-content\/uploads\/2021\/05\/show_EDUARDO-PAZUELLO-GettyImages-1230656843.jpg_A8CD58BE-8614-4D34-84EA-8E39E582590E.jpg\" alt=\"\" class=\"wp-image-21226\" srcset=\"https:\/\/blogdorogeriogomes.com.br\/noticias\/wp-content\/uploads\/2021\/05\/show_EDUARDO-PAZUELLO-GettyImages-1230656843.jpg_A8CD58BE-8614-4D34-84EA-8E39E582590E.jpg 872w, https:\/\/blogdorogeriogomes.com.br\/noticias\/wp-content\/uploads\/2021\/05\/show_EDUARDO-PAZUELLO-GettyImages-1230656843.jpg_A8CD58BE-8614-4D34-84EA-8E39E582590E-300x200.jpg 300w, https:\/\/blogdorogeriogomes.com.br\/noticias\/wp-content\/uploads\/2021\/05\/show_EDUARDO-PAZUELLO-GettyImages-1230656843.jpg_A8CD58BE-8614-4D34-84EA-8E39E582590E-768x512.jpg 768w, https:\/\/blogdorogeriogomes.com.br\/noticias\/wp-content\/uploads\/2021\/05\/show_EDUARDO-PAZUELLO-GettyImages-1230656843.jpg_A8CD58BE-8614-4D34-84EA-8E39E582590E-800x533.jpg 800w\" sizes=\"auto, (max-width: 872px) 100vw, 872px\" \/><\/figure>\n","protected":false},"excerpt":{"rendered":"<p>O que j\u00e1 era previsto, se confirmou. A Advocacia-Geral da Uni\u00e3o (AGU) apresentou ao Supremo Tribunal Federal um habeas corpus preventivo, com pedido de medida liminar, em favor de Eduardo Pazuello, ex-ministro de Sa\u00fade no governo de Bolsonaro. A AGU pede a liminar para que Pazuello possa ficar em sil\u00eancio e n\u00e3o sofra amea\u00e7as de pris\u00e3o durante o seu depoimento na CPI da Covid, marcado para o pr\u00f3ximo dia 19 de maio. O ministro Ricardo Lewandowski ser\u00e1 o relator&hellip;<\/p>\n","protected":false},"author":1,"featured_media":21226,"comment_status":"open","ping_status":"open","sticky":false,"template":"","format":"standard","meta":{"footnotes":""},"categories":[1],"tags":[],"class_list":["post-21225","post","type-post","status-publish","format-standard","has-post-thumbnail","hentry","category-noticias"],"_links":{"self":[{"href":"https:\/\/blogdorogeriogomes.com.br\/noticias\/wp-json\/wp\/v2\/posts\/21225","targetHints":{"allow":["GET"]}}],"collection":[{"href":"https:\/\/blogdorogeriogomes.com.br\/noticias\/wp-json\/wp\/v2\/posts"}],"about":[{"href":"https:\/\/blogdorogeriogomes.com.br\/noticias\/wp-json\/wp\/v2\/types\/post"}],"author":[{"embeddable":true,"href":"https:\/\/blogdorogeriogomes.com.br\/noticias\/wp-json\/wp\/v2\/users\/1"}],"replies":[{"embeddable":true,"href":"https:\/\/blogdorogeriogomes.com.br\/noticias\/wp-json\/wp\/v2\/comments?post=21225"}],"version-history":[{"count":2,"href":"https:\/\/blogdorogeriogomes.com.br\/noticias\/wp-json\/wp\/v2\/posts\/21225\/revisions"}],"predecessor-version":[{"id":21231,"href":"https:\/\/blogdorogeriogomes.com.br\/noticias\/wp-json\/wp\/v2\/posts\/21225\/revisions\/21231"}],"wp:featuredmedia":[{"embeddable":true,"href":"https:\/\/blogdorogeriogomes.com.br\/noticias\/wp-json\/wp\/v2\/media\/21226"}],"wp:attachment":[{"href":"https:\/\/blogdorogeriogomes.com.br\/noticias\/wp-json\/wp\/v2\/media?parent=21225"}],"wp:term":[{"taxonomy":"category","embeddable":true,"href":"https:\/\/blogdorogeriogomes.com.br\/noticias\/wp-json\/wp\/v2\/categories?post=21225"},{"taxonomy":"post_tag","embeddable":true,"href":"https:\/\/blogdorogeriogomes.com.br\/noticias\/wp-json\/wp\/v2\/tags?post=21225"}],"curies":[{"name":"wp","href":"https:\/\/api.w.org\/{rel}","templated":true}]}}