{"id":21232,"date":"2021-05-14T22:36:18","date_gmt":"2021-05-14T22:36:18","guid":{"rendered":"https:\/\/blogdorogeriogomes.com.br\/?p=21232"},"modified":"2021-05-17T13:37:24","modified_gmt":"2021-05-17T13:37:24","slug":"horario-do-comercio-e-restaurantes-nas-macrorregioes-de-fortaleza-e-sobral-e-ampliado-em-novo-decreto","status":"publish","type":"post","link":"https:\/\/blogdorogeriogomes.com.br\/noticias\/2021\/05\/horario-do-comercio-e-restaurantes-nas-macrorregioes-de-fortaleza-e-sobral-e-ampliado-em-novo-decreto\/","title":{"rendered":"Hor\u00e1rio do com\u00e9rcio e restaurantes nas macrorregi\u00f5es de Fortaleza e Sobral \u00e9 ampliado em novo decreto"},"content":{"rendered":"\n<p>O governador Camilo Santana (PT) anunciou, na noite desta sexta-feira, dia 14 de maio, que o novo decreto estadual vai liberar a amplia\u00e7\u00e3o do hor\u00e1rio de funcionamento das atividades econ\u00f4micas nas macrorregi\u00f5es de Fortaleza e de Sobral. A nova flexibiliza\u00e7\u00e3o, segundo Camilo, \u00e9 resultado da diminui\u00e7\u00e3o geral de caso e \u00f3bitos no Estado. Contudo, as outras regi\u00f5es cearenses devem permanecer cumprindo os mesmos cuidados de isolamento social r\u00edgido do decreto anterior.<\/p>\n\n\n\n<p>A partir da pr\u00f3xima segunda-feira, dia 17, o com\u00e9rcio de rua tem hor\u00e1rio permitido das 10h \u00e0s 19h, o com\u00e9rcio em shopping das 12h \u00e0s 21h, os restaurantes das 10h \u00e0s 21h e as academias at\u00e9 as 21h. O toque de recolher permanece de 22h \u00e0s 5h em todo o Cear\u00e1.<\/p>\n\n\n\n<p>Al\u00e9m dos hor\u00e1rios do com\u00e9rcio, s\u00e3o autorizados no novo decreto a pr\u00e1tica esportiva individual e o funcionamento de clubes e areninhas. Aulas pr\u00e1ticas e atividades extracurriculares tamb\u00e9m est\u00e3o liberadas.<\/p>\n\n\n\n<p>O Cear\u00e1 apresentou redu\u00e7\u00e3o de casos e mortes em Fortaleza e no Interior, segundo os \u00faltimos boletins apresentados pela Secretaria da Sa\u00fade do Cear\u00e1 (Sesa). Na Capital, o n\u00famero de casos \u00e9 de 17,1% e de mortes est\u00e1 em 27,8%.<\/p>\n\n\n\n<figure class=\"wp-block-image size-large\"><img loading=\"lazy\" decoding=\"async\" width=\"678\" height=\"452\" src=\"https:\/\/blogdorogeriogomes.com.br\/wp-content\/uploads\/2021\/05\/images-2021-05-14T193326.520.jpeg\" alt=\"\" class=\"wp-image-21233\" srcset=\"https:\/\/blogdorogeriogomes.com.br\/noticias\/wp-content\/uploads\/2021\/05\/images-2021-05-14T193326.520.jpeg 678w, https:\/\/blogdorogeriogomes.com.br\/noticias\/wp-content\/uploads\/2021\/05\/images-2021-05-14T193326.520-300x200.jpeg 300w\" sizes=\"auto, (max-width: 678px) 100vw, 678px\" \/><\/figure>\n","protected":false},"excerpt":{"rendered":"<p>O governador Camilo Santana (PT) anunciou, na noite desta sexta-feira, dia 14 de maio, que o novo decreto estadual vai liberar a amplia\u00e7\u00e3o do hor\u00e1rio de funcionamento das atividades econ\u00f4micas nas macrorregi\u00f5es de Fortaleza e de Sobral. A nova flexibiliza\u00e7\u00e3o, segundo Camilo, \u00e9 resultado da diminui\u00e7\u00e3o geral de caso e \u00f3bitos no Estado. Contudo, as outras regi\u00f5es cearenses devem permanecer cumprindo os mesmos cuidados de isolamento social r\u00edgido do decreto anterior. A partir da pr\u00f3xima segunda-feira, dia 17, o&hellip;<\/p>\n","protected":false},"author":1,"featured_media":21233,"comment_status":"open","ping_status":"open","sticky":false,"template":"","format":"standard","meta":{"footnotes":""},"categories":[1],"tags":[],"class_list":["post-21232","post","type-post","status-publish","format-standard","has-post-thumbnail","hentry","category-noticias"],"_links":{"self":[{"href":"https:\/\/blogdorogeriogomes.com.br\/noticias\/wp-json\/wp\/v2\/posts\/21232","targetHints":{"allow":["GET"]}}],"collection":[{"href":"https:\/\/blogdorogeriogomes.com.br\/noticias\/wp-json\/wp\/v2\/posts"}],"about":[{"href":"https:\/\/blogdorogeriogomes.com.br\/noticias\/wp-json\/wp\/v2\/types\/post"}],"author":[{"embeddable":true,"href":"https:\/\/blogdorogeriogomes.com.br\/noticias\/wp-json\/wp\/v2\/users\/1"}],"replies":[{"embeddable":true,"href":"https:\/\/blogdorogeriogomes.com.br\/noticias\/wp-json\/wp\/v2\/comments?post=21232"}],"version-history":[{"count":1,"href":"https:\/\/blogdorogeriogomes.com.br\/noticias\/wp-json\/wp\/v2\/posts\/21232\/revisions"}],"predecessor-version":[{"id":21234,"href":"https:\/\/blogdorogeriogomes.com.br\/noticias\/wp-json\/wp\/v2\/posts\/21232\/revisions\/21234"}],"wp:featuredmedia":[{"embeddable":true,"href":"https:\/\/blogdorogeriogomes.com.br\/noticias\/wp-json\/wp\/v2\/media\/21233"}],"wp:attachment":[{"href":"https:\/\/blogdorogeriogomes.com.br\/noticias\/wp-json\/wp\/v2\/media?parent=21232"}],"wp:term":[{"taxonomy":"category","embeddable":true,"href":"https:\/\/blogdorogeriogomes.com.br\/noticias\/wp-json\/wp\/v2\/categories?post=21232"},{"taxonomy":"post_tag","embeddable":true,"href":"https:\/\/blogdorogeriogomes.com.br\/noticias\/wp-json\/wp\/v2\/tags?post=21232"}],"curies":[{"name":"wp","href":"https:\/\/api.w.org\/{rel}","templated":true}]}}