{"id":21235,"date":"2021-05-14T23:09:23","date_gmt":"2021-05-14T23:09:23","guid":{"rendered":"https:\/\/blogdorogeriogomes.com.br\/?p=21235"},"modified":"2021-05-17T13:37:16","modified_gmt":"2021-05-17T13:37:16","slug":"stf-concede-habeas-corpus-para-eduardo-pazuello-ter-o-direito-de-ficar-em-silencio-na-cpi-da-covid","status":"publish","type":"post","link":"https:\/\/blogdorogeriogomes.com.br\/noticias\/2021\/05\/stf-concede-habeas-corpus-para-eduardo-pazuello-ter-o-direito-de-ficar-em-silencio-na-cpi-da-covid\/","title":{"rendered":"STF concede habeas corpus para Eduardo Pazuello ter o direito de ficar em sil\u00eancio na CPI da Covid"},"content":{"rendered":"\n<p>Na noite desta sexta-feira, dia 14 de maio, o ministro do Supremo Tribunal Federal (STF), Ricardo Lewandowski, concedeu o habeas corpus ao ex-ministro da Sa\u00fade, Eduardo Pazuello, como garantia para que ele tenha o direito de se manter em sil\u00eancio na CPI da Covid-19 no Senado Federal. Caso ele entenda que n\u00e3o precise responder \u00e0s perguntas, o general do Ex\u00e9rcito n\u00e3o deve se sentir obrigado pelos parlamentares que comp\u00f5em a comiss\u00e3o. No entanto, Pazuello n\u00e3o pode mentir se decidir responder aos questionamentos.<\/p>\n\n\n\n<p>O STF recebeu o pedido da Advocacia-Geral da Uni\u00e3o (AGU) em favor de Pazuello. Diante do caso, os parlamentares de oposi\u00e7\u00e3o manifestaram indigna\u00e7\u00e3o. O relator da CPI da Covid no Senado Federal, Renan Calheiros (MDB), chegou a fazer apelo \u00e0 Corte para que n\u00e3o concedesse. Segundo o emedebista, Pazuello est\u00e1 se autoincriminando ao recorrer ao habeas corpus, &#8220;a aus\u00eancia de seu depoimento ou sua recusa em responder as perguntas prejudicar\u00e1 sobremaneira a condu\u00e7\u00e3o dos trabalhos da CPI da Pandemia\u201d.<\/p>\n\n\n\n<p>Lewandowski entende que a decis\u00e3o est\u00e1 alinhada com a jurisprud\u00eancia do Supremo, pois garante o direito do depoente de n\u00e3o ser obrigado a produzir provas contra si. O depoimento de Pazuello na comiss\u00e3o est\u00e1 agendado para a pr\u00f3xima quarta-feira, dia 19 de maio. Tamb\u00e9m est\u00e3o agendados para a pr\u00f3xima semana, o ex-ministro das Rela\u00e7\u00f5es Exteriores Ernesto Araujo, na ter\u00e7a-feira, dia 18; e a secret\u00e1ria de Gest\u00e3o do Trabalho do Minist\u00e9rio da Sa\u00fade, Mayra Pinheiro, na quinta-feira, dia 20.<\/p>\n\n\n\n<figure class=\"wp-block-image size-large\"><img loading=\"lazy\" decoding=\"async\" width=\"680\" height=\"451\" src=\"https:\/\/blogdorogeriogomes.com.br\/wp-content\/uploads\/2021\/05\/images-2021-05-14T200257.300.jpeg\" alt=\"\" class=\"wp-image-21236\" srcset=\"https:\/\/blogdorogeriogomes.com.br\/noticias\/wp-content\/uploads\/2021\/05\/images-2021-05-14T200257.300.jpeg 680w, https:\/\/blogdorogeriogomes.com.br\/noticias\/wp-content\/uploads\/2021\/05\/images-2021-05-14T200257.300-300x199.jpeg 300w\" sizes=\"auto, (max-width: 680px) 100vw, 680px\" \/><\/figure>\n","protected":false},"excerpt":{"rendered":"<p>Na noite desta sexta-feira, dia 14 de maio, o ministro do Supremo Tribunal Federal (STF), Ricardo Lewandowski, concedeu o habeas corpus ao ex-ministro da Sa\u00fade, Eduardo Pazuello, como garantia para que ele tenha o direito de se manter em sil\u00eancio na CPI da Covid-19 no Senado Federal. Caso ele entenda que n\u00e3o precise responder \u00e0s perguntas, o general do Ex\u00e9rcito n\u00e3o deve se sentir obrigado pelos parlamentares que comp\u00f5em a comiss\u00e3o. No entanto, Pazuello n\u00e3o pode mentir se decidir&hellip;<\/p>\n","protected":false},"author":1,"featured_media":21236,"comment_status":"open","ping_status":"open","sticky":false,"template":"","format":"standard","meta":{"footnotes":""},"categories":[1],"tags":[],"class_list":["post-21235","post","type-post","status-publish","format-standard","has-post-thumbnail","hentry","category-noticias"],"_links":{"self":[{"href":"https:\/\/blogdorogeriogomes.com.br\/noticias\/wp-json\/wp\/v2\/posts\/21235","targetHints":{"allow":["GET"]}}],"collection":[{"href":"https:\/\/blogdorogeriogomes.com.br\/noticias\/wp-json\/wp\/v2\/posts"}],"about":[{"href":"https:\/\/blogdorogeriogomes.com.br\/noticias\/wp-json\/wp\/v2\/types\/post"}],"author":[{"embeddable":true,"href":"https:\/\/blogdorogeriogomes.com.br\/noticias\/wp-json\/wp\/v2\/users\/1"}],"replies":[{"embeddable":true,"href":"https:\/\/blogdorogeriogomes.com.br\/noticias\/wp-json\/wp\/v2\/comments?post=21235"}],"version-history":[{"count":1,"href":"https:\/\/blogdorogeriogomes.com.br\/noticias\/wp-json\/wp\/v2\/posts\/21235\/revisions"}],"predecessor-version":[{"id":21237,"href":"https:\/\/blogdorogeriogomes.com.br\/noticias\/wp-json\/wp\/v2\/posts\/21235\/revisions\/21237"}],"wp:featuredmedia":[{"embeddable":true,"href":"https:\/\/blogdorogeriogomes.com.br\/noticias\/wp-json\/wp\/v2\/media\/21236"}],"wp:attachment":[{"href":"https:\/\/blogdorogeriogomes.com.br\/noticias\/wp-json\/wp\/v2\/media?parent=21235"}],"wp:term":[{"taxonomy":"category","embeddable":true,"href":"https:\/\/blogdorogeriogomes.com.br\/noticias\/wp-json\/wp\/v2\/categories?post=21235"},{"taxonomy":"post_tag","embeddable":true,"href":"https:\/\/blogdorogeriogomes.com.br\/noticias\/wp-json\/wp\/v2\/tags?post=21235"}],"curies":[{"name":"wp","href":"https:\/\/api.w.org\/{rel}","templated":true}]}}