{"id":21241,"date":"2021-05-15T10:22:33","date_gmt":"2021-05-15T10:22:33","guid":{"rendered":"https:\/\/blogdorogeriogomes.com.br\/?p=21241"},"modified":"2021-05-17T13:36:54","modified_gmt":"2021-05-17T13:36:54","slug":"stf-forma-maioria-para-obrigar-governo-federal-a-realizar-o-censo-do-ibge","status":"publish","type":"post","link":"https:\/\/blogdorogeriogomes.com.br\/noticias\/2021\/05\/stf-forma-maioria-para-obrigar-governo-federal-a-realizar-o-censo-do-ibge\/","title":{"rendered":"STF forma maioria para obrigar Governo Federal a realizar o Censo do IBGE"},"content":{"rendered":"\n<p>Por falta de verbas, o Censo 2021 foi abandonado pelo Governo Bolsonaro. Mas, nesta sexta-feira, dia 14 de maio, o Supremo Tribunal Federal (STF) formou maioria para que o Governo Federal n\u00e3o seja obrigado a realizar o Censo neste ano. A corte j\u00e1 tem sete votos para reverter a decis\u00e3o do ministro Marco Aur\u00e9lio que impunha essa obriga\u00e7\u00e3o ao Executivo federal.&nbsp;<\/p>\n\n\n\n<p>Seis ministros j\u00e1 defenderam que o Supremo deve determinar a realiza\u00e7\u00e3o do Censo, mas apenas em 2022. O&nbsp;Vendo Demogr\u00e1fico produz informa\u00e7\u00f5es atualizadas e precisas, que s\u00e3o fundamentais para o desenvolvimento e implementa\u00e7\u00e3o de pol\u00edticas p\u00fablicas e para a realiza\u00e7\u00e3o de investimentos, tanto do governo quanto da iniciativa privada.<\/p>\n\n\n\n<figure class=\"wp-block-image size-large\"><img loading=\"lazy\" decoding=\"async\" width=\"1024\" height=\"576\" src=\"https:\/\/blogdorogeriogomes.com.br\/wp-content\/uploads\/2021\/05\/IBGE.jpg\" alt=\"\" class=\"wp-image-21242\" srcset=\"https:\/\/blogdorogeriogomes.com.br\/noticias\/wp-content\/uploads\/2021\/05\/IBGE.jpg 1024w, https:\/\/blogdorogeriogomes.com.br\/noticias\/wp-content\/uploads\/2021\/05\/IBGE-300x169.jpg 300w, https:\/\/blogdorogeriogomes.com.br\/noticias\/wp-content\/uploads\/2021\/05\/IBGE-768x432.jpg 768w, https:\/\/blogdorogeriogomes.com.br\/noticias\/wp-content\/uploads\/2021\/05\/IBGE-800x450.jpg 800w\" sizes=\"auto, (max-width: 1024px) 100vw, 1024px\" \/><\/figure>\n","protected":false},"excerpt":{"rendered":"<p>Por falta de verbas, o Censo 2021 foi abandonado pelo Governo Bolsonaro. Mas, nesta sexta-feira, dia 14 de maio, o Supremo Tribunal Federal (STF) formou maioria para que o Governo Federal n\u00e3o seja obrigado a realizar o Censo neste ano. A corte j\u00e1 tem sete votos para reverter a decis\u00e3o do ministro Marco Aur\u00e9lio que impunha essa obriga\u00e7\u00e3o ao Executivo federal.&nbsp; Seis ministros j\u00e1 defenderam que o Supremo deve determinar a realiza\u00e7\u00e3o do Censo, mas apenas em 2022. O&nbsp;Vendo&hellip;<\/p>\n","protected":false},"author":1,"featured_media":21242,"comment_status":"open","ping_status":"open","sticky":false,"template":"","format":"standard","meta":{"footnotes":""},"categories":[1],"tags":[],"class_list":["post-21241","post","type-post","status-publish","format-standard","has-post-thumbnail","hentry","category-noticias"],"_links":{"self":[{"href":"https:\/\/blogdorogeriogomes.com.br\/noticias\/wp-json\/wp\/v2\/posts\/21241","targetHints":{"allow":["GET"]}}],"collection":[{"href":"https:\/\/blogdorogeriogomes.com.br\/noticias\/wp-json\/wp\/v2\/posts"}],"about":[{"href":"https:\/\/blogdorogeriogomes.com.br\/noticias\/wp-json\/wp\/v2\/types\/post"}],"author":[{"embeddable":true,"href":"https:\/\/blogdorogeriogomes.com.br\/noticias\/wp-json\/wp\/v2\/users\/1"}],"replies":[{"embeddable":true,"href":"https:\/\/blogdorogeriogomes.com.br\/noticias\/wp-json\/wp\/v2\/comments?post=21241"}],"version-history":[{"count":2,"href":"https:\/\/blogdorogeriogomes.com.br\/noticias\/wp-json\/wp\/v2\/posts\/21241\/revisions"}],"predecessor-version":[{"id":21254,"href":"https:\/\/blogdorogeriogomes.com.br\/noticias\/wp-json\/wp\/v2\/posts\/21241\/revisions\/21254"}],"wp:featuredmedia":[{"embeddable":true,"href":"https:\/\/blogdorogeriogomes.com.br\/noticias\/wp-json\/wp\/v2\/media\/21242"}],"wp:attachment":[{"href":"https:\/\/blogdorogeriogomes.com.br\/noticias\/wp-json\/wp\/v2\/media?parent=21241"}],"wp:term":[{"taxonomy":"category","embeddable":true,"href":"https:\/\/blogdorogeriogomes.com.br\/noticias\/wp-json\/wp\/v2\/categories?post=21241"},{"taxonomy":"post_tag","embeddable":true,"href":"https:\/\/blogdorogeriogomes.com.br\/noticias\/wp-json\/wp\/v2\/tags?post=21241"}],"curies":[{"name":"wp","href":"https:\/\/api.w.org\/{rel}","templated":true}]}}