{"id":21248,"date":"2021-05-17T10:17:51","date_gmt":"2021-05-17T10:17:51","guid":{"rendered":"https:\/\/blogdorogeriogomes.com.br\/?p=21248"},"modified":"2021-05-17T13:36:48","modified_gmt":"2021-05-17T13:36:48","slug":"fortaleza-bate-recorde-na-vacinacao-contra-a-covid-19-nesta-segunda-feira-ha-chamado-para-quem-perdeu-a-imunizacao-no-domingo","status":"publish","type":"post","link":"https:\/\/blogdorogeriogomes.com.br\/noticias\/2021\/05\/fortaleza-bate-recorde-na-vacinacao-contra-a-covid-19-nesta-segunda-feira-ha-chamado-para-quem-perdeu-a-imunizacao-no-domingo\/","title":{"rendered":"Fortaleza bate recorde na vacina\u00e7\u00e3o contra a Covid-19. Nesta segunda-feira, h\u00e1 chamado para quem perdeu a imuniza\u00e7\u00e3o no domingo"},"content":{"rendered":"\n<p>O fim de semana foi de intensa vacina\u00e7\u00e3o em Fortaleza. De acordo com a Secretaria Municipal de Sa\u00fade, a Capital atingiu um recorde de pessoas vacinadas contra a Covid-19: 31.607 pessoas foram atendidas no mutir\u00e3o da segunda dose da CoronaVac.<\/p>\n\n\n\n<p>Quem n\u00e3o foi imunizada na 3\u00aa fase da vacina\u00e7\u00e3o contra Covid-19 em Fortaleza, mas n\u00e3o compareceram no fim de semana, v\u00e3o ter uma nova oportunidade de receber o imunizante nesta segunda-feira, dia 17 de maio. Conforme a prefeitura, a a\u00e7\u00e3o acontecer\u00e1 no sal\u00e3o Ta\u00edba, do Centro de Eventos, das 9 \u00e0s 17 horas.<\/p>\n\n\n\n<p>A oportunidade \u00e9 direcionada para gestantes, pu\u00e9rperas, p\u00fablico com comorbidades e pessoas com defici\u00eancia permanente. \u00c9 necess\u00e1rio comparecer ao local com documento de identifica\u00e7\u00e3o com foto, CPF, atestado comprovando a condi\u00e7\u00e3o de comorbidades, comprovante de endere\u00e7o e comprovante de agendamento.<\/p>\n\n\n\n<figure class=\"wp-block-image size-large\"><img loading=\"lazy\" decoding=\"async\" width=\"739\" height=\"415\" src=\"https:\/\/blogdorogeriogomes.com.br\/wp-content\/uploads\/2021\/05\/images-2021-05-17T071622.659.jpeg\" alt=\"\" class=\"wp-image-21249\" srcset=\"https:\/\/blogdorogeriogomes.com.br\/noticias\/wp-content\/uploads\/2021\/05\/images-2021-05-17T071622.659.jpeg 739w, https:\/\/blogdorogeriogomes.com.br\/noticias\/wp-content\/uploads\/2021\/05\/images-2021-05-17T071622.659-300x168.jpeg 300w\" sizes=\"auto, (max-width: 739px) 100vw, 739px\" \/><\/figure>\n","protected":false},"excerpt":{"rendered":"<p>O fim de semana foi de intensa vacina\u00e7\u00e3o em Fortaleza. De acordo com a Secretaria Municipal de Sa\u00fade, a Capital atingiu um recorde de pessoas vacinadas contra a Covid-19: 31.607 pessoas foram atendidas no mutir\u00e3o da segunda dose da CoronaVac. Quem n\u00e3o foi imunizada na 3\u00aa fase da vacina\u00e7\u00e3o contra Covid-19 em Fortaleza, mas n\u00e3o compareceram no fim de semana, v\u00e3o ter uma nova oportunidade de receber o imunizante nesta segunda-feira, dia 17 de maio. Conforme a prefeitura, a&hellip;<\/p>\n","protected":false},"author":1,"featured_media":21249,"comment_status":"open","ping_status":"open","sticky":false,"template":"","format":"standard","meta":{"footnotes":""},"categories":[1],"tags":[],"class_list":["post-21248","post","type-post","status-publish","format-standard","has-post-thumbnail","hentry","category-noticias"],"_links":{"self":[{"href":"https:\/\/blogdorogeriogomes.com.br\/noticias\/wp-json\/wp\/v2\/posts\/21248","targetHints":{"allow":["GET"]}}],"collection":[{"href":"https:\/\/blogdorogeriogomes.com.br\/noticias\/wp-json\/wp\/v2\/posts"}],"about":[{"href":"https:\/\/blogdorogeriogomes.com.br\/noticias\/wp-json\/wp\/v2\/types\/post"}],"author":[{"embeddable":true,"href":"https:\/\/blogdorogeriogomes.com.br\/noticias\/wp-json\/wp\/v2\/users\/1"}],"replies":[{"embeddable":true,"href":"https:\/\/blogdorogeriogomes.com.br\/noticias\/wp-json\/wp\/v2\/comments?post=21248"}],"version-history":[{"count":1,"href":"https:\/\/blogdorogeriogomes.com.br\/noticias\/wp-json\/wp\/v2\/posts\/21248\/revisions"}],"predecessor-version":[{"id":21250,"href":"https:\/\/blogdorogeriogomes.com.br\/noticias\/wp-json\/wp\/v2\/posts\/21248\/revisions\/21250"}],"wp:featuredmedia":[{"embeddable":true,"href":"https:\/\/blogdorogeriogomes.com.br\/noticias\/wp-json\/wp\/v2\/media\/21249"}],"wp:attachment":[{"href":"https:\/\/blogdorogeriogomes.com.br\/noticias\/wp-json\/wp\/v2\/media?parent=21248"}],"wp:term":[{"taxonomy":"category","embeddable":true,"href":"https:\/\/blogdorogeriogomes.com.br\/noticias\/wp-json\/wp\/v2\/categories?post=21248"},{"taxonomy":"post_tag","embeddable":true,"href":"https:\/\/blogdorogeriogomes.com.br\/noticias\/wp-json\/wp\/v2\/tags?post=21248"}],"curies":[{"name":"wp","href":"https:\/\/api.w.org\/{rel}","templated":true}]}}