{"id":21261,"date":"2021-05-17T22:55:40","date_gmt":"2021-05-17T22:55:40","guid":{"rendered":"https:\/\/blogdorogeriogomes.com.br\/?p=21261"},"modified":"2021-05-17T22:55:41","modified_gmt":"2021-05-17T22:55:41","slug":"ceara-recebe-mais-240-mil-doses-da-astrazeneca-novos-insumos-para-producao-da-vacina-devem-chegar-proximo-sabado-ao-brasil","status":"publish","type":"post","link":"https:\/\/blogdorogeriogomes.com.br\/noticias\/2021\/05\/ceara-recebe-mais-240-mil-doses-da-astrazeneca-novos-insumos-para-producao-da-vacina-devem-chegar-proximo-sabado-ao-brasil\/","title":{"rendered":"Cear\u00e1 recebe mais 240 mil doses da AstraZeneca. Novos insumos para produ\u00e7\u00e3o da vacina devem chegar pr\u00f3ximo s\u00e1bado ao Brasil"},"content":{"rendered":"\n<p>O Cear\u00e1 recebe mais um lote de vacinas na madrugada desta ter\u00e7a-feira, dia 18 de maio. S\u00e3o 240.200 doses da vacina AstraZeneca que v\u00e3o refor\u00e7ar o plano de vacina\u00e7\u00e3o em Fortaleza e no interior cearense. A informa\u00e7\u00e3o foi confirmada pelo governador Camilo Santana. No \u00faltimo s\u00e1bado, 15, o Cear\u00e1 tinha recebido 25.020 doses da CoronaVac.<\/p>\n\n\n\n<p>Outra boa not\u00edcia \u00e9 que a Funda\u00e7\u00e3o Oswaldo Cruz (Fiocruz) receber\u00e1 no pr\u00f3ximo s\u00e1bado, dia 22, dois lotes do insumo farmac\u00eautico ativo (IFA) da vacina de Oxford\/AstraZeneca, com quantidade suficiente para envasar 18 milh\u00f5es de doses, e o Instituto Butantan deve receber na semana que vem a pr\u00f3xima remessa de IFA da CoronaVac. O Butantan est\u00e1 com a produ\u00e7\u00e3o de vacina contra a Covid-19 paralisada por falta dos insumos da China.<\/p>\n\n\n\n<figure class=\"wp-block-image size-large\"><img loading=\"lazy\" decoding=\"async\" width=\"678\" height=\"452\" src=\"https:\/\/blogdorogeriogomes.com.br\/wp-content\/uploads\/2021\/05\/images-2021-05-17T195139.442.jpeg\" alt=\"\" class=\"wp-image-21262\" srcset=\"https:\/\/blogdorogeriogomes.com.br\/noticias\/wp-content\/uploads\/2021\/05\/images-2021-05-17T195139.442.jpeg 678w, https:\/\/blogdorogeriogomes.com.br\/noticias\/wp-content\/uploads\/2021\/05\/images-2021-05-17T195139.442-300x200.jpeg 300w\" sizes=\"auto, (max-width: 678px) 100vw, 678px\" \/><\/figure>\n","protected":false},"excerpt":{"rendered":"<p>O Cear\u00e1 recebe mais um lote de vacinas na madrugada desta ter\u00e7a-feira, dia 18 de maio. S\u00e3o 240.200 doses da vacina AstraZeneca que v\u00e3o refor\u00e7ar o plano de vacina\u00e7\u00e3o em Fortaleza e no interior cearense. A informa\u00e7\u00e3o foi confirmada pelo governador Camilo Santana. No \u00faltimo s\u00e1bado, 15, o Cear\u00e1 tinha recebido 25.020 doses da CoronaVac. Outra boa not\u00edcia \u00e9 que a Funda\u00e7\u00e3o Oswaldo Cruz (Fiocruz) receber\u00e1 no pr\u00f3ximo s\u00e1bado, dia 22, dois lotes do insumo farmac\u00eautico ativo (IFA) da&hellip;<\/p>\n","protected":false},"author":1,"featured_media":0,"comment_status":"open","ping_status":"open","sticky":false,"template":"","format":"standard","meta":{"footnotes":""},"categories":[1],"tags":[],"class_list":["post-21261","post","type-post","status-publish","format-standard","hentry","category-noticias"],"_links":{"self":[{"href":"https:\/\/blogdorogeriogomes.com.br\/noticias\/wp-json\/wp\/v2\/posts\/21261","targetHints":{"allow":["GET"]}}],"collection":[{"href":"https:\/\/blogdorogeriogomes.com.br\/noticias\/wp-json\/wp\/v2\/posts"}],"about":[{"href":"https:\/\/blogdorogeriogomes.com.br\/noticias\/wp-json\/wp\/v2\/types\/post"}],"author":[{"embeddable":true,"href":"https:\/\/blogdorogeriogomes.com.br\/noticias\/wp-json\/wp\/v2\/users\/1"}],"replies":[{"embeddable":true,"href":"https:\/\/blogdorogeriogomes.com.br\/noticias\/wp-json\/wp\/v2\/comments?post=21261"}],"version-history":[{"count":1,"href":"https:\/\/blogdorogeriogomes.com.br\/noticias\/wp-json\/wp\/v2\/posts\/21261\/revisions"}],"predecessor-version":[{"id":21263,"href":"https:\/\/blogdorogeriogomes.com.br\/noticias\/wp-json\/wp\/v2\/posts\/21261\/revisions\/21263"}],"wp:attachment":[{"href":"https:\/\/blogdorogeriogomes.com.br\/noticias\/wp-json\/wp\/v2\/media?parent=21261"}],"wp:term":[{"taxonomy":"category","embeddable":true,"href":"https:\/\/blogdorogeriogomes.com.br\/noticias\/wp-json\/wp\/v2\/categories?post=21261"},{"taxonomy":"post_tag","embeddable":true,"href":"https:\/\/blogdorogeriogomes.com.br\/noticias\/wp-json\/wp\/v2\/tags?post=21261"}],"curies":[{"name":"wp","href":"https:\/\/api.w.org\/{rel}","templated":true}]}}