{"id":21264,"date":"2021-05-17T23:11:24","date_gmt":"2021-05-17T23:11:24","guid":{"rendered":"https:\/\/blogdorogeriogomes.com.br\/?p=21264"},"modified":"2021-05-17T23:11:26","modified_gmt":"2021-05-17T23:11:26","slug":"atletas-olimpicos-e-comissao-tecnica-sao-vacinados-contra-covid-19-em-fortaleza","status":"publish","type":"post","link":"https:\/\/blogdorogeriogomes.com.br\/noticias\/2021\/05\/atletas-olimpicos-e-comissao-tecnica-sao-vacinados-contra-covid-19-em-fortaleza\/","title":{"rendered":"Atletas ol\u00edmpicos e comiss\u00e3o t\u00e9cnica s\u00e3o vacinados contra Covid-19 em Fortaleza"},"content":{"rendered":"\n<p>Atletas e membros de comiss\u00f5es t\u00e9cnicas cearenses que v\u00e3o participar das Olimp\u00edadas de T\u00f3quio, entre julho e agosto, foram vacinados contra a Covid-19, em Fortaleza. A imuniza\u00e7\u00e3o ocorreu nesta segunda-feira, 17 de maio, no Centro de Eventos, em Fortaleza. Os Jogos Ol\u00edmpicos, que deveriam ter ocorrido ano passado, foram remarcados para este ano de 2021 devido ao novo coronav\u00edrus.<br>Os imunizantes foram doados pela Pfizer e n\u00e3o foram retirados do quantitativo enviado \u00e0s unidades federativas para a Campanha Nacional de Vacina\u00e7\u00e3o contra a Covid-19. O esquema vacinal que segue em andamento no Cear\u00e1 n\u00e3o dever\u00e1 ser comprometido, por serem extras as doses direcionadas para os atletas.<br>O Cear\u00e1 \u00e9 o \u00fanico estado do Nordeste a vacinar atletas e delega\u00e7\u00e3o brasileira que v\u00e3o para as Olimp\u00edadas de T\u00f3quio. Foi convidado a participar dessa operacionaliza\u00e7\u00e3o, segundo informou Ricristhi Gon\u00e7alves, coordenadora de Vigil\u00e2ncia Epidemiol\u00f3gica e Preven\u00e7\u00e3o em Sa\u00fade da Sesa.<\/p>\n\n\n\n<figure class=\"wp-block-image size-large\"><img loading=\"lazy\" decoding=\"async\" width=\"678\" height=\"452\" src=\"https:\/\/blogdorogeriogomes.com.br\/wp-content\/uploads\/2021\/05\/images-2021-05-17T201026.820.jpeg\" alt=\"\" class=\"wp-image-21265\" srcset=\"https:\/\/blogdorogeriogomes.com.br\/noticias\/wp-content\/uploads\/2021\/05\/images-2021-05-17T201026.820.jpeg 678w, https:\/\/blogdorogeriogomes.com.br\/noticias\/wp-content\/uploads\/2021\/05\/images-2021-05-17T201026.820-300x200.jpeg 300w\" sizes=\"auto, (max-width: 678px) 100vw, 678px\" \/><\/figure>\n","protected":false},"excerpt":{"rendered":"<p>Atletas e membros de comiss\u00f5es t\u00e9cnicas cearenses que v\u00e3o participar das Olimp\u00edadas de T\u00f3quio, entre julho e agosto, foram vacinados contra a Covid-19, em Fortaleza. A imuniza\u00e7\u00e3o ocorreu nesta segunda-feira, 17 de maio, no Centro de Eventos, em Fortaleza. Os Jogos Ol\u00edmpicos, que deveriam ter ocorrido ano passado, foram remarcados para este ano de 2021 devido ao novo coronav\u00edrus.Os imunizantes foram doados pela Pfizer e n\u00e3o foram retirados do quantitativo enviado \u00e0s unidades federativas para a Campanha Nacional de&hellip;<\/p>\n","protected":false},"author":1,"featured_media":0,"comment_status":"open","ping_status":"open","sticky":false,"template":"","format":"standard","meta":{"footnotes":""},"categories":[1],"tags":[],"class_list":["post-21264","post","type-post","status-publish","format-standard","hentry","category-noticias"],"_links":{"self":[{"href":"https:\/\/blogdorogeriogomes.com.br\/noticias\/wp-json\/wp\/v2\/posts\/21264","targetHints":{"allow":["GET"]}}],"collection":[{"href":"https:\/\/blogdorogeriogomes.com.br\/noticias\/wp-json\/wp\/v2\/posts"}],"about":[{"href":"https:\/\/blogdorogeriogomes.com.br\/noticias\/wp-json\/wp\/v2\/types\/post"}],"author":[{"embeddable":true,"href":"https:\/\/blogdorogeriogomes.com.br\/noticias\/wp-json\/wp\/v2\/users\/1"}],"replies":[{"embeddable":true,"href":"https:\/\/blogdorogeriogomes.com.br\/noticias\/wp-json\/wp\/v2\/comments?post=21264"}],"version-history":[{"count":1,"href":"https:\/\/blogdorogeriogomes.com.br\/noticias\/wp-json\/wp\/v2\/posts\/21264\/revisions"}],"predecessor-version":[{"id":21266,"href":"https:\/\/blogdorogeriogomes.com.br\/noticias\/wp-json\/wp\/v2\/posts\/21264\/revisions\/21266"}],"wp:attachment":[{"href":"https:\/\/blogdorogeriogomes.com.br\/noticias\/wp-json\/wp\/v2\/media?parent=21264"}],"wp:term":[{"taxonomy":"category","embeddable":true,"href":"https:\/\/blogdorogeriogomes.com.br\/noticias\/wp-json\/wp\/v2\/categories?post=21264"},{"taxonomy":"post_tag","embeddable":true,"href":"https:\/\/blogdorogeriogomes.com.br\/noticias\/wp-json\/wp\/v2\/tags?post=21264"}],"curies":[{"name":"wp","href":"https:\/\/api.w.org\/{rel}","templated":true}]}}