{"id":21276,"date":"2021-05-18T16:45:48","date_gmt":"2021-05-18T16:45:48","guid":{"rendered":"https:\/\/blogdorogeriogomes.com.br\/?p=21276"},"modified":"2021-05-18T16:45:50","modified_gmt":"2021-05-18T16:45:50","slug":"frente-parlamentar-de-habitacao-da-cmfor-discute-financiamento-dos-projetos-habitacionais-de-interesse-social-do-brasil","status":"publish","type":"post","link":"https:\/\/blogdorogeriogomes.com.br\/noticias\/2021\/05\/frente-parlamentar-de-habitacao-da-cmfor-discute-financiamento-dos-projetos-habitacionais-de-interesse-social-do-brasil\/","title":{"rendered":"Frente Parlamentar de Habita\u00e7\u00e3o da CMFor discute financiamento dos projetos habitacionais de interesse social do Brasil"},"content":{"rendered":"\n<p>O presidente da Frente Parlamentar de Habita\u00e7\u00e3o, Regulariza\u00e7\u00e3o Fundi\u00e1ria e Melhorias Habitacionais da C\u00e2mara Municipal de Fortaleza, L\u00facio Bruno, nesta segunda-feira, dia 17 de maio, por meio de Reuni\u00e3o Extraordin\u00e1ria Virtual, parlamentares e \u00f3rg\u00e3os para discutir sobre financiamento dos projetos habitacionais de interesse social no Brasil.<\/p>\n\n\n\n<p>A Frente recebeu para discuss\u00e3o, o Sindicato da Ind\u00fastria da Constru\u00e7\u00e3o Civil do Cear\u00e1 (Sinduscon), C\u00e2mara Brasileira da Ind\u00fastria da Constru\u00e7\u00e3o (CBIC), Secretaria Municipal do Desenvolvimento Habitacional de Fortaleza (HABITAFOR), Coordenadoria Regional de Habita\u00e7\u00e3o da Caixa Econ\u00f4mica, Secretaria Nacional de Habita\u00e7\u00e3o e os Movimentos Sociais.<\/p>\n\n\n\n<p>O destaques da reuni\u00e3o foi para a fala do Secret\u00e1rio Nacional de Habita\u00e7\u00e3o, Alfredo Santos, que explicou sobre or\u00e7amentos e o d\u00e9ficit habitacional no Brasil. O Secret\u00e1rio apresentou que a regi\u00e3o Nordeste acumula 27% de todo o d\u00e9ficit habitacional do Pa\u00eds, com mais de 5,9 bilh\u00f5es de unidades habitacionais. Al\u00e9m disso, Alfredo frisou que o or\u00e7amento para Unidades Habitacionais em andamento ou abandonadas, foi cortado em 100%, impedindo a conclus\u00e3o dessas obras.<\/p>\n\n\n\n<p>O presidente da Frente, L\u00facio Bruno, revelou a preocupa\u00e7\u00e3o com o dado, ressaltou a import\u00e2ncia da volta do or\u00e7amento para a Habita\u00e7\u00e3o popular, de forma a n\u00e3o perder o que j\u00e1 foi conquistado, n\u00e3o s\u00f3 em Fortaleza, mas em todo o Pa\u00eds. L\u00facio se colocou a disposi\u00e7\u00e3o, para com os parlamentares cearenses, lutar pela revers\u00e3o do corte.<\/p>\n\n\n\n<figure class=\"wp-block-image size-large\"><img loading=\"lazy\" decoding=\"async\" width=\"1024\" height=\"640\" src=\"https:\/\/blogdorogeriogomes.com.br\/wp-content\/uploads\/2021\/05\/IMG-20210517-WA0141-1024x640.jpg\" alt=\"\" class=\"wp-image-21277\" srcset=\"https:\/\/blogdorogeriogomes.com.br\/noticias\/wp-content\/uploads\/2021\/05\/IMG-20210517-WA0141-1024x640.jpg 1024w, https:\/\/blogdorogeriogomes.com.br\/noticias\/wp-content\/uploads\/2021\/05\/IMG-20210517-WA0141-300x188.jpg 300w, https:\/\/blogdorogeriogomes.com.br\/noticias\/wp-content\/uploads\/2021\/05\/IMG-20210517-WA0141-768x480.jpg 768w, https:\/\/blogdorogeriogomes.com.br\/noticias\/wp-content\/uploads\/2021\/05\/IMG-20210517-WA0141-800x500.jpg 800w, https:\/\/blogdorogeriogomes.com.br\/noticias\/wp-content\/uploads\/2021\/05\/IMG-20210517-WA0141.jpg 1280w\" sizes=\"auto, (max-width: 1024px) 100vw, 1024px\" \/><\/figure>\n","protected":false},"excerpt":{"rendered":"<p>O presidente da Frente Parlamentar de Habita\u00e7\u00e3o, Regulariza\u00e7\u00e3o Fundi\u00e1ria e Melhorias Habitacionais da C\u00e2mara Municipal de Fortaleza, L\u00facio Bruno, nesta segunda-feira, dia 17 de maio, por meio de Reuni\u00e3o Extraordin\u00e1ria Virtual, parlamentares e \u00f3rg\u00e3os para discutir sobre financiamento dos projetos habitacionais de interesse social no Brasil. A Frente recebeu para discuss\u00e3o, o Sindicato da Ind\u00fastria da Constru\u00e7\u00e3o Civil do Cear\u00e1 (Sinduscon), C\u00e2mara Brasileira da Ind\u00fastria da Constru\u00e7\u00e3o (CBIC), Secretaria Municipal do Desenvolvimento Habitacional de Fortaleza (HABITAFOR), Coordenadoria Regional de&hellip;<\/p>\n","protected":false},"author":1,"featured_media":0,"comment_status":"open","ping_status":"open","sticky":false,"template":"","format":"standard","meta":{"footnotes":""},"categories":[1],"tags":[],"class_list":["post-21276","post","type-post","status-publish","format-standard","hentry","category-noticias"],"_links":{"self":[{"href":"https:\/\/blogdorogeriogomes.com.br\/noticias\/wp-json\/wp\/v2\/posts\/21276","targetHints":{"allow":["GET"]}}],"collection":[{"href":"https:\/\/blogdorogeriogomes.com.br\/noticias\/wp-json\/wp\/v2\/posts"}],"about":[{"href":"https:\/\/blogdorogeriogomes.com.br\/noticias\/wp-json\/wp\/v2\/types\/post"}],"author":[{"embeddable":true,"href":"https:\/\/blogdorogeriogomes.com.br\/noticias\/wp-json\/wp\/v2\/users\/1"}],"replies":[{"embeddable":true,"href":"https:\/\/blogdorogeriogomes.com.br\/noticias\/wp-json\/wp\/v2\/comments?post=21276"}],"version-history":[{"count":1,"href":"https:\/\/blogdorogeriogomes.com.br\/noticias\/wp-json\/wp\/v2\/posts\/21276\/revisions"}],"predecessor-version":[{"id":21278,"href":"https:\/\/blogdorogeriogomes.com.br\/noticias\/wp-json\/wp\/v2\/posts\/21276\/revisions\/21278"}],"wp:attachment":[{"href":"https:\/\/blogdorogeriogomes.com.br\/noticias\/wp-json\/wp\/v2\/media?parent=21276"}],"wp:term":[{"taxonomy":"category","embeddable":true,"href":"https:\/\/blogdorogeriogomes.com.br\/noticias\/wp-json\/wp\/v2\/categories?post=21276"},{"taxonomy":"post_tag","embeddable":true,"href":"https:\/\/blogdorogeriogomes.com.br\/noticias\/wp-json\/wp\/v2\/tags?post=21276"}],"curies":[{"name":"wp","href":"https:\/\/api.w.org\/{rel}","templated":true}]}}