{"id":21282,"date":"2021-05-18T22:57:43","date_gmt":"2021-05-18T22:57:43","guid":{"rendered":"https:\/\/blogdorogeriogomes.com.br\/?p=21282"},"modified":"2021-05-18T22:57:45","modified_gmt":"2021-05-18T22:57:45","slug":"lewandowski-nega-silencio-a-mayra-pinheiro-na-cpi-da-covid","status":"publish","type":"post","link":"https:\/\/blogdorogeriogomes.com.br\/noticias\/2021\/05\/lewandowski-nega-silencio-a-mayra-pinheiro-na-cpi-da-covid\/","title":{"rendered":"Lewandowski nega sil\u00eancio a Mayra Pinheiro na CPI da Covid"},"content":{"rendered":"\n<p>A m\u00e9dica cearense Mayra Pinheiro n\u00e3o poder\u00e1 permanecer calada no depoimento \u00e0 CPI da Covid do Senado Federal marcado para esta quinta-feira, dia 20 de maio. O ministro Ricardo Lewandowski, do Supremo Tribunal Federal (STF), negou o pedido de habeas corpus feito pela secret\u00e1ria de Gest\u00e3o do Trabalho e Educa\u00e7\u00e3o na Sa\u00fade, no qual ela solicitou o direito de n\u00e3o responder \u00e0s perguntas dos senadores.<\/p>\n\n\n\n<p>Mayra Pinheiro \u00e9 apelidada de &#8220;Capit\u00e3 Cloroquina&#8221; por ser defensora do chamado tratamento precoce contra a Covid-19, com uso de medicamentos sem efic\u00e1cia no combate \u00e0 pandemia, como ivermectina e hidroxicloroquina. Ela chefiou uma miss\u00e3o do Minist\u00e9rio da Sa\u00fade a Manaus durante a crise da falta de oxig\u00eanio na Capital do Amazonas. Mayra e outros m\u00e9dicos recomendaram o uso do &#8220;kit Covid&#8221; nas unidades de sa\u00fade do Amazonas.<\/p>\n\n\n\n<figure class=\"wp-block-image size-large\"><img loading=\"lazy\" decoding=\"async\" width=\"784\" height=\"391\" src=\"https:\/\/blogdorogeriogomes.com.br\/wp-content\/uploads\/2021\/05\/images-2021-05-18T195109.594.jpeg\" alt=\"\" class=\"wp-image-21283\" srcset=\"https:\/\/blogdorogeriogomes.com.br\/noticias\/wp-content\/uploads\/2021\/05\/images-2021-05-18T195109.594.jpeg 784w, https:\/\/blogdorogeriogomes.com.br\/noticias\/wp-content\/uploads\/2021\/05\/images-2021-05-18T195109.594-300x150.jpeg 300w, https:\/\/blogdorogeriogomes.com.br\/noticias\/wp-content\/uploads\/2021\/05\/images-2021-05-18T195109.594-768x383.jpeg 768w\" sizes=\"auto, (max-width: 784px) 100vw, 784px\" \/><\/figure>\n","protected":false},"excerpt":{"rendered":"<p>A m\u00e9dica cearense Mayra Pinheiro n\u00e3o poder\u00e1 permanecer calada no depoimento \u00e0 CPI da Covid do Senado Federal marcado para esta quinta-feira, dia 20 de maio. O ministro Ricardo Lewandowski, do Supremo Tribunal Federal (STF), negou o pedido de habeas corpus feito pela secret\u00e1ria de Gest\u00e3o do Trabalho e Educa\u00e7\u00e3o na Sa\u00fade, no qual ela solicitou o direito de n\u00e3o responder \u00e0s perguntas dos senadores. Mayra Pinheiro \u00e9 apelidada de &#8220;Capit\u00e3 Cloroquina&#8221; por ser defensora do chamado tratamento precoce&hellip;<\/p>\n","protected":false},"author":1,"featured_media":0,"comment_status":"open","ping_status":"open","sticky":false,"template":"","format":"standard","meta":{"footnotes":""},"categories":[1],"tags":[],"class_list":["post-21282","post","type-post","status-publish","format-standard","hentry","category-noticias"],"_links":{"self":[{"href":"https:\/\/blogdorogeriogomes.com.br\/noticias\/wp-json\/wp\/v2\/posts\/21282","targetHints":{"allow":["GET"]}}],"collection":[{"href":"https:\/\/blogdorogeriogomes.com.br\/noticias\/wp-json\/wp\/v2\/posts"}],"about":[{"href":"https:\/\/blogdorogeriogomes.com.br\/noticias\/wp-json\/wp\/v2\/types\/post"}],"author":[{"embeddable":true,"href":"https:\/\/blogdorogeriogomes.com.br\/noticias\/wp-json\/wp\/v2\/users\/1"}],"replies":[{"embeddable":true,"href":"https:\/\/blogdorogeriogomes.com.br\/noticias\/wp-json\/wp\/v2\/comments?post=21282"}],"version-history":[{"count":1,"href":"https:\/\/blogdorogeriogomes.com.br\/noticias\/wp-json\/wp\/v2\/posts\/21282\/revisions"}],"predecessor-version":[{"id":21284,"href":"https:\/\/blogdorogeriogomes.com.br\/noticias\/wp-json\/wp\/v2\/posts\/21282\/revisions\/21284"}],"wp:attachment":[{"href":"https:\/\/blogdorogeriogomes.com.br\/noticias\/wp-json\/wp\/v2\/media?parent=21282"}],"wp:term":[{"taxonomy":"category","embeddable":true,"href":"https:\/\/blogdorogeriogomes.com.br\/noticias\/wp-json\/wp\/v2\/categories?post=21282"},{"taxonomy":"post_tag","embeddable":true,"href":"https:\/\/blogdorogeriogomes.com.br\/noticias\/wp-json\/wp\/v2\/tags?post=21282"}],"curies":[{"name":"wp","href":"https:\/\/api.w.org\/{rel}","templated":true}]}}