{"id":21288,"date":"2021-05-19T10:12:19","date_gmt":"2021-05-19T10:12:19","guid":{"rendered":"https:\/\/blogdorogeriogomes.com.br\/?p=21288"},"modified":"2021-05-24T12:44:29","modified_gmt":"2021-05-24T12:44:29","slug":"enquanto-fortaleza-mantem-retomada-economica-cidades-do-interior-cearense-ainda-estao-em-isolamento-rigido","status":"publish","type":"post","link":"https:\/\/blogdorogeriogomes.com.br\/noticias\/2021\/05\/enquanto-fortaleza-mantem-retomada-economica-cidades-do-interior-cearense-ainda-estao-em-isolamento-rigido\/","title":{"rendered":"Enquanto Fortaleza mant\u00e9m retomada econ\u00f4mica, cidades do interior cearense ainda est\u00e3o em isolamento r\u00edgido"},"content":{"rendered":"\n<p>Os \u00faltimos decretos estaduais t\u00eam mantido a\u00e7\u00f5es de retomada econ\u00f4mica em Fortaleza. Isto se deve a uma redu\u00e7\u00e3o de casos e mortes por Covid-19, al\u00e9m da diminui\u00e7\u00e3o na press\u00e3o das unidades hospitalares. No entanto, alguns munic\u00edpios do interior do Cear\u00e1 ainda preocupam. Tanto \u00e9 que apenas a regi\u00e3o de Sobral, na Zona Norte, foi contemplada com os benef\u00edcios do \u00faltimo decreto.<\/p>\n\n\n\n<p>Cidades das regi\u00f5es do Sert\u00e3o Central e no Cariri seguem em isolamento social r\u00edgido nesta semana devido ao alto \u00edndice de transmiss\u00e3o do coronav\u00edrus. Em Quixad\u00e1 (foto) est\u00e1 mantido o isolamento com suspens\u00e3o de servi\u00e7os essenciais at\u00e9 o pr\u00f3ximo domingo, dia 23 de maio. Servi\u00e7os como farm\u00e1cias e supermercados devem funcionar&nbsp;somente por entrega em domic\u00edlio e os bancos apenas por meio de autoatendimento.&nbsp;Ibicuitinga e Quixeramobim tamb\u00e9m seguem no regime mais r\u00edgido de isolamento.<\/p>\n\n\n\n<p>No Sert\u00e3o Central, a Senador Pompeu decretou lockdown no \u00faltimo dia 13 de maio e segue sob esse regime at\u00e9 o pr\u00f3ximo domingo, dia 23. J\u00e1 no Cariri, Barbalha e Farias Brito tamb\u00e9m decretaram medidas sanit\u00e1rias mais restritivas para diminuir a circula\u00e7\u00e3o de pessoas nas ruas.<\/p>\n\n\n\n<figure class=\"wp-block-image size-large\"><img loading=\"lazy\" decoding=\"async\" width=\"750\" height=\"500\" src=\"https:\/\/blogdorogeriogomes.com.br\/wp-content\/uploads\/2021\/05\/1_whatsapp_image_2021_04_23_at_20_35_54-15558110.jpg\" alt=\"\" class=\"wp-image-21289\" srcset=\"https:\/\/blogdorogeriogomes.com.br\/noticias\/wp-content\/uploads\/2021\/05\/1_whatsapp_image_2021_04_23_at_20_35_54-15558110.jpg 750w, https:\/\/blogdorogeriogomes.com.br\/noticias\/wp-content\/uploads\/2021\/05\/1_whatsapp_image_2021_04_23_at_20_35_54-15558110-300x200.jpg 300w\" sizes=\"auto, (max-width: 750px) 100vw, 750px\" \/><\/figure>\n","protected":false},"excerpt":{"rendered":"<p>Os \u00faltimos decretos estaduais t\u00eam mantido a\u00e7\u00f5es de retomada econ\u00f4mica em Fortaleza. Isto se deve a uma redu\u00e7\u00e3o de casos e mortes por Covid-19, al\u00e9m da diminui\u00e7\u00e3o na press\u00e3o das unidades hospitalares. No entanto, alguns munic\u00edpios do interior do Cear\u00e1 ainda preocupam. Tanto \u00e9 que apenas a regi\u00e3o de Sobral, na Zona Norte, foi contemplada com os benef\u00edcios do \u00faltimo decreto. Cidades das regi\u00f5es do Sert\u00e3o Central e no Cariri seguem em isolamento social r\u00edgido nesta semana devido ao&hellip;<\/p>\n","protected":false},"author":1,"featured_media":21289,"comment_status":"open","ping_status":"open","sticky":false,"template":"","format":"standard","meta":{"footnotes":""},"categories":[1],"tags":[],"class_list":["post-21288","post","type-post","status-publish","format-standard","has-post-thumbnail","hentry","category-noticias"],"_links":{"self":[{"href":"https:\/\/blogdorogeriogomes.com.br\/noticias\/wp-json\/wp\/v2\/posts\/21288","targetHints":{"allow":["GET"]}}],"collection":[{"href":"https:\/\/blogdorogeriogomes.com.br\/noticias\/wp-json\/wp\/v2\/posts"}],"about":[{"href":"https:\/\/blogdorogeriogomes.com.br\/noticias\/wp-json\/wp\/v2\/types\/post"}],"author":[{"embeddable":true,"href":"https:\/\/blogdorogeriogomes.com.br\/noticias\/wp-json\/wp\/v2\/users\/1"}],"replies":[{"embeddable":true,"href":"https:\/\/blogdorogeriogomes.com.br\/noticias\/wp-json\/wp\/v2\/comments?post=21288"}],"version-history":[{"count":2,"href":"https:\/\/blogdorogeriogomes.com.br\/noticias\/wp-json\/wp\/v2\/posts\/21288\/revisions"}],"predecessor-version":[{"id":21355,"href":"https:\/\/blogdorogeriogomes.com.br\/noticias\/wp-json\/wp\/v2\/posts\/21288\/revisions\/21355"}],"wp:featuredmedia":[{"embeddable":true,"href":"https:\/\/blogdorogeriogomes.com.br\/noticias\/wp-json\/wp\/v2\/media\/21289"}],"wp:attachment":[{"href":"https:\/\/blogdorogeriogomes.com.br\/noticias\/wp-json\/wp\/v2\/media?parent=21288"}],"wp:term":[{"taxonomy":"category","embeddable":true,"href":"https:\/\/blogdorogeriogomes.com.br\/noticias\/wp-json\/wp\/v2\/categories?post=21288"},{"taxonomy":"post_tag","embeddable":true,"href":"https:\/\/blogdorogeriogomes.com.br\/noticias\/wp-json\/wp\/v2\/tags?post=21288"}],"curies":[{"name":"wp","href":"https:\/\/api.w.org\/{rel}","templated":true}]}}