{"id":21297,"date":"2021-05-19T20:21:36","date_gmt":"2021-05-19T20:21:36","guid":{"rendered":"https:\/\/blogdorogeriogomes.com.br\/?p=21297"},"modified":"2021-05-24T12:44:07","modified_gmt":"2021-05-24T12:44:07","slug":"pazuello-responsabiliza-mayra-pinheiro-na-cpi-por-difusao-de-cloroquina-no-amazonas-e-tenta-livrar-bolsonaro-de-omissoes","status":"publish","type":"post","link":"https:\/\/blogdorogeriogomes.com.br\/noticias\/2021\/05\/pazuello-responsabiliza-mayra-pinheiro-na-cpi-por-difusao-de-cloroquina-no-amazonas-e-tenta-livrar-bolsonaro-de-omissoes\/","title":{"rendered":"Pazuello responsabiliza Mayra Pinheiro na CPI por difus\u00e3o de cloroquina no Amazonas e tenta livrar Bolsonaro de omiss\u00f5es"},"content":{"rendered":"\n<p>O ex-ministro da Sa\u00fade e general do Ex\u00e9rcito, Eduardo Pazuello, prestou depoimento nesta quarta-feira, dia 19 de maio, na CPI da Covid, no Senado Federal, que investiga a\u00e7\u00f5es e omiss\u00f5es do Governo Federal diante da crise sanit\u00e1ria decorrente da pandemia. Durante o interrogat\u00f3rio, Pazuello refor\u00e7ou que a secret\u00e1ria de Gest\u00e3o do Trabalho e da Educa\u00e7\u00e3o na Sa\u00fade do Minist\u00e9rio da Sa\u00fade, Mayra Pinheiro, foi a respons\u00e1vel pela coordena\u00e7\u00e3o do uso de cloroquina no tratamento precoce da Covid-19 no Amazonas, um dos epicentros do v\u00edrus em solo brasileiro.<\/p>\n\n\n\n<p>Segundo o militar, a m\u00e9dica cearense elaborou o of\u00edcio para o envio de 120 mil comprimidos de hidroxocloroquina para o estado amazonense, mesmo j\u00e1 comprovada a inefic\u00e1cia dos medicamentos no tratamento da Covid-19.<\/p>\n\n\n\n<p>Com habeas corpus preventivo concedido pelo ministro do STF, Ricardo Lewandowski, Pazuello teve depoimento marcado por nega\u00e7\u00e3o de fatos levantados que apontam a omiss\u00e3o do governo de Jair Bolsonaro \u00e0 frente da gest\u00e3o da pandemia, o que revoltou senadores de oposi\u00e7\u00e3o. Por diversas vezes o ex-ministro foi acusado de mentir.<\/p>\n\n\n\n<p>O ex-ministro disse que Bolsonaro jamais fez orienta\u00e7\u00e3o paralela ao Minist\u00e9rio da Sa\u00fade, e tamb\u00e9m afirmou que o presidente n\u00e3o mandou em nenhum momento cancelar a ordem de compra da vacina CoronaVac. Ainda sobre a vacina\u00e7\u00e3o, Pazuello sustentou que o governo n\u00e3o aceitou a compra da Pfizer por conta de &#8220;cl\u00e1usulas complicad\u00edssimas&#8221; e que a pasta da Sa\u00fade aderiu ao m\u00ednimo de doses do cons\u00f3rcio Covax devido ao alto pre\u00e7o e desconfian\u00e7as sobre a garantia.<\/p>\n\n\n\n<p>Quando foi questionado sobre o epis\u00f3dio da falta de oxig\u00eanio em Manaus, o ex-ministro disse que &#8220;s\u00f3 faltou oxig\u00eanio por tr\u00eas dias&#8221;, do dia 10 ao dia 13 de janeiro. Por\u00e9m, documento comprovam que na verdade foram 20 dias de car\u00eancia do insumo.<\/p>\n\n\n\n<p>O militar disse ainda que o Brasil \u00e9 &#8220;soberano&#8221; e que em nenhum momento se viu obrigado a obedecer ordens da Organiza\u00e7\u00e3o Mundial de Sa\u00fade. Pauta levantada pelos governistas, a possibilidade de desvios por parte de gest\u00f5es de munic\u00edpios e estados do Pa\u00eds foram negadas por Pazuello.<\/p>\n\n\n\n<figure class=\"wp-block-image size-large\"><img loading=\"lazy\" decoding=\"async\" width=\"1024\" height=\"615\" src=\"https:\/\/blogdorogeriogomes.com.br\/wp-content\/uploads\/2021\/05\/x92963795_PA-Brasilia-BSB-19-05-2021-Sessao-da-CPI-da-Pandemia-na-foto-o-depoimento-do-Ex-Ministr.jpg.pagespeed.ic_.8eJ0WFMtZI-1024x615.jpg\" alt=\"\" class=\"wp-image-21298\" srcset=\"https:\/\/blogdorogeriogomes.com.br\/noticias\/wp-content\/uploads\/2021\/05\/x92963795_PA-Brasilia-BSB-19-05-2021-Sessao-da-CPI-da-Pandemia-na-foto-o-depoimento-do-Ex-Ministr.jpg.pagespeed.ic_.8eJ0WFMtZI-1024x615.jpg 1024w, https:\/\/blogdorogeriogomes.com.br\/noticias\/wp-content\/uploads\/2021\/05\/x92963795_PA-Brasilia-BSB-19-05-2021-Sessao-da-CPI-da-Pandemia-na-foto-o-depoimento-do-Ex-Ministr.jpg.pagespeed.ic_.8eJ0WFMtZI-300x180.jpg 300w, https:\/\/blogdorogeriogomes.com.br\/noticias\/wp-content\/uploads\/2021\/05\/x92963795_PA-Brasilia-BSB-19-05-2021-Sessao-da-CPI-da-Pandemia-na-foto-o-depoimento-do-Ex-Ministr.jpg.pagespeed.ic_.8eJ0WFMtZI-768x461.jpg 768w, https:\/\/blogdorogeriogomes.com.br\/noticias\/wp-content\/uploads\/2021\/05\/x92963795_PA-Brasilia-BSB-19-05-2021-Sessao-da-CPI-da-Pandemia-na-foto-o-depoimento-do-Ex-Ministr.jpg.pagespeed.ic_.8eJ0WFMtZI-800x480.jpg 800w, https:\/\/blogdorogeriogomes.com.br\/noticias\/wp-content\/uploads\/2021\/05\/x92963795_PA-Brasilia-BSB-19-05-2021-Sessao-da-CPI-da-Pandemia-na-foto-o-depoimento-do-Ex-Ministr.jpg.pagespeed.ic_.8eJ0WFMtZI.jpg 1086w\" sizes=\"auto, (max-width: 1024px) 100vw, 1024px\" \/><\/figure>\n","protected":false},"excerpt":{"rendered":"<p>O ex-ministro da Sa\u00fade e general do Ex\u00e9rcito, Eduardo Pazuello, prestou depoimento nesta quarta-feira, dia 19 de maio, na CPI da Covid, no Senado Federal, que investiga a\u00e7\u00f5es e omiss\u00f5es do Governo Federal diante da crise sanit\u00e1ria decorrente da pandemia. Durante o interrogat\u00f3rio, Pazuello refor\u00e7ou que a secret\u00e1ria de Gest\u00e3o do Trabalho e da Educa\u00e7\u00e3o na Sa\u00fade do Minist\u00e9rio da Sa\u00fade, Mayra Pinheiro, foi a respons\u00e1vel pela coordena\u00e7\u00e3o do uso de cloroquina no tratamento precoce da Covid-19 no Amazonas,&hellip;<\/p>\n","protected":false},"author":1,"featured_media":21298,"comment_status":"open","ping_status":"open","sticky":false,"template":"","format":"standard","meta":{"footnotes":""},"categories":[1],"tags":[],"class_list":["post-21297","post","type-post","status-publish","format-standard","has-post-thumbnail","hentry","category-noticias"],"_links":{"self":[{"href":"https:\/\/blogdorogeriogomes.com.br\/noticias\/wp-json\/wp\/v2\/posts\/21297","targetHints":{"allow":["GET"]}}],"collection":[{"href":"https:\/\/blogdorogeriogomes.com.br\/noticias\/wp-json\/wp\/v2\/posts"}],"about":[{"href":"https:\/\/blogdorogeriogomes.com.br\/noticias\/wp-json\/wp\/v2\/types\/post"}],"author":[{"embeddable":true,"href":"https:\/\/blogdorogeriogomes.com.br\/noticias\/wp-json\/wp\/v2\/users\/1"}],"replies":[{"embeddable":true,"href":"https:\/\/blogdorogeriogomes.com.br\/noticias\/wp-json\/wp\/v2\/comments?post=21297"}],"version-history":[{"count":1,"href":"https:\/\/blogdorogeriogomes.com.br\/noticias\/wp-json\/wp\/v2\/posts\/21297\/revisions"}],"predecessor-version":[{"id":21299,"href":"https:\/\/blogdorogeriogomes.com.br\/noticias\/wp-json\/wp\/v2\/posts\/21297\/revisions\/21299"}],"wp:featuredmedia":[{"embeddable":true,"href":"https:\/\/blogdorogeriogomes.com.br\/noticias\/wp-json\/wp\/v2\/media\/21298"}],"wp:attachment":[{"href":"https:\/\/blogdorogeriogomes.com.br\/noticias\/wp-json\/wp\/v2\/media?parent=21297"}],"wp:term":[{"taxonomy":"category","embeddable":true,"href":"https:\/\/blogdorogeriogomes.com.br\/noticias\/wp-json\/wp\/v2\/categories?post=21297"},{"taxonomy":"post_tag","embeddable":true,"href":"https:\/\/blogdorogeriogomes.com.br\/noticias\/wp-json\/wp\/v2\/tags?post=21297"}],"curies":[{"name":"wp","href":"https:\/\/api.w.org\/{rel}","templated":true}]}}