{"id":21300,"date":"2021-05-19T22:51:41","date_gmt":"2021-05-19T22:51:41","guid":{"rendered":"https:\/\/blogdorogeriogomes.com.br\/?p=21300"},"modified":"2021-05-24T12:43:57","modified_gmt":"2021-05-24T12:43:57","slug":"camara-federal-aprova-projeto-que-proibe-despejo-de-imoveis-na-pandemia","status":"publish","type":"post","link":"https:\/\/blogdorogeriogomes.com.br\/noticias\/2021\/05\/camara-federal-aprova-projeto-que-proibe-despejo-de-imoveis-na-pandemia\/","title":{"rendered":"C\u00e2mara Federal aprova projeto que pro\u00edbe despejo de im\u00f3veis na pandemia"},"content":{"rendered":"\n<p>A C\u00e2mara dos Deputados aprovou o projeto que pro\u00edbe at\u00e9 31 de dezembro deste ano o despejo ou desocupa\u00e7\u00e3o de im\u00f3veis, suspendendo os atos praticados desde 20 de mar\u00e7o de 2020, exceto aqueles j\u00e1 conclu\u00eddos.<br>O projeto \u00e9 de autoria dos deputados Andr\u00e9 Janones (Avante-MG), Nat\u00e1lia Bonavides (PT-RN) e Professora Rosa Neide (PT-MT), e ser\u00e1 enviada ao Senado Federal.<br>O texto desobriga o inquilino do pagamento de multa caso decida rescindir o contrato e permite a realiza\u00e7\u00e3o de aditivos em contratos por meio de emails e aplicativos de mensagens. A proposta vale para im\u00f3veis urbanos e rurais, tanto para os de moradia quanto os de produ\u00e7\u00e3o. A a\u00e7\u00e3o n\u00e3o vale para ocupa\u00e7\u00f5es ocorridas ap\u00f3s o dia 31 de mar\u00e7o de 2021.<br>A medida impede a concess\u00e3o de liminar para desocupa\u00e7\u00e3o de im\u00f3vel urbano nas a\u00e7\u00f5es de despejo, desde que o inquilino comprove incapacidade de pagar o aluguel devido \u00e0 piora de sua situa\u00e7\u00e3o financeira durante a pandemia do novo Coronav\u00edrus.<br>Ordens proferidas n\u00e3o poder\u00e3o ser cumpridas at\u00e9 o dia 31 de dezembro mas o texto n\u00e3o suspende o per\u00edodo para que os propriet\u00e1rios contestem o uso ou posse do im\u00f3vel na previs\u00e3o de usucapi\u00e3o.<\/p>\n\n\n\n<figure class=\"wp-block-image size-large\"><img loading=\"lazy\" decoding=\"async\" width=\"602\" height=\"400\" src=\"https:\/\/blogdorogeriogomes.com.br\/wp-content\/uploads\/2021\/05\/IMG-20210519-WA0154.jpg\" alt=\"\" class=\"wp-image-21301\" srcset=\"https:\/\/blogdorogeriogomes.com.br\/noticias\/wp-content\/uploads\/2021\/05\/IMG-20210519-WA0154.jpg 602w, https:\/\/blogdorogeriogomes.com.br\/noticias\/wp-content\/uploads\/2021\/05\/IMG-20210519-WA0154-300x199.jpg 300w\" sizes=\"auto, (max-width: 602px) 100vw, 602px\" \/><\/figure>\n","protected":false},"excerpt":{"rendered":"<p>A C\u00e2mara dos Deputados aprovou o projeto que pro\u00edbe at\u00e9 31 de dezembro deste ano o despejo ou desocupa\u00e7\u00e3o de im\u00f3veis, suspendendo os atos praticados desde 20 de mar\u00e7o de 2020, exceto aqueles j\u00e1 conclu\u00eddos.O projeto \u00e9 de autoria dos deputados Andr\u00e9 Janones (Avante-MG), Nat\u00e1lia Bonavides (PT-RN) e Professora Rosa Neide (PT-MT), e ser\u00e1 enviada ao Senado Federal.O texto desobriga o inquilino do pagamento de multa caso decida rescindir o contrato e permite a realiza\u00e7\u00e3o de aditivos em contratos&hellip;<\/p>\n","protected":false},"author":1,"featured_media":21301,"comment_status":"open","ping_status":"open","sticky":false,"template":"","format":"standard","meta":{"footnotes":""},"categories":[1],"tags":[],"class_list":["post-21300","post","type-post","status-publish","format-standard","has-post-thumbnail","hentry","category-noticias"],"_links":{"self":[{"href":"https:\/\/blogdorogeriogomes.com.br\/noticias\/wp-json\/wp\/v2\/posts\/21300","targetHints":{"allow":["GET"]}}],"collection":[{"href":"https:\/\/blogdorogeriogomes.com.br\/noticias\/wp-json\/wp\/v2\/posts"}],"about":[{"href":"https:\/\/blogdorogeriogomes.com.br\/noticias\/wp-json\/wp\/v2\/types\/post"}],"author":[{"embeddable":true,"href":"https:\/\/blogdorogeriogomes.com.br\/noticias\/wp-json\/wp\/v2\/users\/1"}],"replies":[{"embeddable":true,"href":"https:\/\/blogdorogeriogomes.com.br\/noticias\/wp-json\/wp\/v2\/comments?post=21300"}],"version-history":[{"count":1,"href":"https:\/\/blogdorogeriogomes.com.br\/noticias\/wp-json\/wp\/v2\/posts\/21300\/revisions"}],"predecessor-version":[{"id":21302,"href":"https:\/\/blogdorogeriogomes.com.br\/noticias\/wp-json\/wp\/v2\/posts\/21300\/revisions\/21302"}],"wp:featuredmedia":[{"embeddable":true,"href":"https:\/\/blogdorogeriogomes.com.br\/noticias\/wp-json\/wp\/v2\/media\/21301"}],"wp:attachment":[{"href":"https:\/\/blogdorogeriogomes.com.br\/noticias\/wp-json\/wp\/v2\/media?parent=21300"}],"wp:term":[{"taxonomy":"category","embeddable":true,"href":"https:\/\/blogdorogeriogomes.com.br\/noticias\/wp-json\/wp\/v2\/categories?post=21300"},{"taxonomy":"post_tag","embeddable":true,"href":"https:\/\/blogdorogeriogomes.com.br\/noticias\/wp-json\/wp\/v2\/tags?post=21300"}],"curies":[{"name":"wp","href":"https:\/\/api.w.org\/{rel}","templated":true}]}}