{"id":21303,"date":"2021-05-20T09:22:31","date_gmt":"2021-05-20T09:22:31","guid":{"rendered":"https:\/\/blogdorogeriogomes.com.br\/?p=21303"},"modified":"2021-05-24T12:43:50","modified_gmt":"2021-05-24T12:43:50","slug":"governo-federal-da-primeiro-passo-para-entregar-a-eletrobras-para-a-iniciativa-privada","status":"publish","type":"post","link":"https:\/\/blogdorogeriogomes.com.br\/noticias\/2021\/05\/governo-federal-da-primeiro-passo-para-entregar-a-eletrobras-para-a-iniciativa-privada\/","title":{"rendered":"Governo Federal d\u00e1 primeiro passo para entregar a Eletrobras para a iniciativa privada"},"content":{"rendered":"\n<p>A base governista conseguiu uma primeira vit\u00f3ria na C\u00e2mara Federal rumo a venda da Eletrobras. Os deputados federais aprovaram uma Medida Provis\u00f3ria que prev\u00ea a privatiza\u00e7\u00e3o da Eletrobras, holding gigante do setor el\u00e9trico brasileiro, que det\u00e9m empresas de gera\u00e7\u00e3o e transmiss\u00e3o de energia. O texto segue para vota\u00e7\u00e3o no Senado.<\/p>\n\n\n\n<p>Se a proposta for aprovada sem modifica\u00e7\u00f5es pelos senadores, segue para san\u00e7\u00e3o presidencial. Se a reda\u00e7\u00e3o for alterada, a mat\u00e9ria volta para a C\u00e2mara dos Deputados.<\/p>\n\n\n\n<p>O Governo Federal possui 42,57% do capital da Eletrobras e o Banco Nacional de Desenvolvimento Econ\u00f4micos e Social (BNDES), outros 16,14%. Somadas as participa\u00e7\u00f5es, o Estado \u00e9 dono de 58,71% da empresa.<\/p>\n\n\n\n<p>A Associa\u00e7\u00e3o dos Grandes Consumidores de Energia e Consumidores Livres estima que a privatiza\u00e7\u00e3o da Eletrobras vai resultar em um aumento de R$ 20 bilh\u00f5es por ano aos consumidores.<\/p>\n\n\n\n<figure class=\"wp-block-image size-large\"><img loading=\"lazy\" decoding=\"async\" width=\"600\" height=\"315\" src=\"https:\/\/blogdorogeriogomes.com.br\/wp-content\/uploads\/2021\/05\/images-2021-05-20T061436.780.jpeg\" alt=\"\" class=\"wp-image-21304\" srcset=\"https:\/\/blogdorogeriogomes.com.br\/noticias\/wp-content\/uploads\/2021\/05\/images-2021-05-20T061436.780.jpeg 600w, https:\/\/blogdorogeriogomes.com.br\/noticias\/wp-content\/uploads\/2021\/05\/images-2021-05-20T061436.780-300x158.jpeg 300w\" sizes=\"auto, (max-width: 600px) 100vw, 600px\" \/><\/figure>\n","protected":false},"excerpt":{"rendered":"<p>A base governista conseguiu uma primeira vit\u00f3ria na C\u00e2mara Federal rumo a venda da Eletrobras. Os deputados federais aprovaram uma Medida Provis\u00f3ria que prev\u00ea a privatiza\u00e7\u00e3o da Eletrobras, holding gigante do setor el\u00e9trico brasileiro, que det\u00e9m empresas de gera\u00e7\u00e3o e transmiss\u00e3o de energia. O texto segue para vota\u00e7\u00e3o no Senado. Se a proposta for aprovada sem modifica\u00e7\u00f5es pelos senadores, segue para san\u00e7\u00e3o presidencial. Se a reda\u00e7\u00e3o for alterada, a mat\u00e9ria volta para a C\u00e2mara dos Deputados. O Governo Federal&hellip;<\/p>\n","protected":false},"author":1,"featured_media":21304,"comment_status":"open","ping_status":"open","sticky":false,"template":"","format":"standard","meta":{"footnotes":""},"categories":[1],"tags":[],"class_list":["post-21303","post","type-post","status-publish","format-standard","has-post-thumbnail","hentry","category-noticias"],"_links":{"self":[{"href":"https:\/\/blogdorogeriogomes.com.br\/noticias\/wp-json\/wp\/v2\/posts\/21303","targetHints":{"allow":["GET"]}}],"collection":[{"href":"https:\/\/blogdorogeriogomes.com.br\/noticias\/wp-json\/wp\/v2\/posts"}],"about":[{"href":"https:\/\/blogdorogeriogomes.com.br\/noticias\/wp-json\/wp\/v2\/types\/post"}],"author":[{"embeddable":true,"href":"https:\/\/blogdorogeriogomes.com.br\/noticias\/wp-json\/wp\/v2\/users\/1"}],"replies":[{"embeddable":true,"href":"https:\/\/blogdorogeriogomes.com.br\/noticias\/wp-json\/wp\/v2\/comments?post=21303"}],"version-history":[{"count":1,"href":"https:\/\/blogdorogeriogomes.com.br\/noticias\/wp-json\/wp\/v2\/posts\/21303\/revisions"}],"predecessor-version":[{"id":21305,"href":"https:\/\/blogdorogeriogomes.com.br\/noticias\/wp-json\/wp\/v2\/posts\/21303\/revisions\/21305"}],"wp:featuredmedia":[{"embeddable":true,"href":"https:\/\/blogdorogeriogomes.com.br\/noticias\/wp-json\/wp\/v2\/media\/21304"}],"wp:attachment":[{"href":"https:\/\/blogdorogeriogomes.com.br\/noticias\/wp-json\/wp\/v2\/media?parent=21303"}],"wp:term":[{"taxonomy":"category","embeddable":true,"href":"https:\/\/blogdorogeriogomes.com.br\/noticias\/wp-json\/wp\/v2\/categories?post=21303"},{"taxonomy":"post_tag","embeddable":true,"href":"https:\/\/blogdorogeriogomes.com.br\/noticias\/wp-json\/wp\/v2\/tags?post=21303"}],"curies":[{"name":"wp","href":"https:\/\/api.w.org\/{rel}","templated":true}]}}