{"id":21307,"date":"2021-05-20T09:47:30","date_gmt":"2021-05-20T09:47:30","guid":{"rendered":"https:\/\/blogdorogeriogomes.com.br\/?p=21307"},"modified":"2021-05-24T12:43:41","modified_gmt":"2021-05-24T12:43:41","slug":"apos-passar-mal-pazuello-volta-a-depor-na-cpi-da-covid-depoimento-de-mayra-pinheiro-ficou-para-o-proximo-dia-25","status":"publish","type":"post","link":"https:\/\/blogdorogeriogomes.com.br\/noticias\/2021\/05\/apos-passar-mal-pazuello-volta-a-depor-na-cpi-da-covid-depoimento-de-mayra-pinheiro-ficou-para-o-proximo-dia-25\/","title":{"rendered":"Ap\u00f3s passar mal, Pazuello volta a depor na CPI da Covid. Depoimento de Mayra Pinheiro ficou para o pr\u00f3ximo dia 25"},"content":{"rendered":"\n<p>Depois de passar mal na sala da CPI da Covid no Senado Federal, o ex-ministro da Sa\u00fade, Eduardo Pazuello, volta a depor nesta quinta-feira, dia 20 de maio. O primeiro dia de falas de Pazuello foi marcado por contradi\u00e7\u00f5es e defesa excessiva do presidente Jair Bolsonaro nas responsabilidades de enfrentamento \u00e0 pandemia. Segundo o presidente da CPI, Omar Aziz, h\u00e1 23 senadores inscritos na fila para discursar e fazer questionamentos a Pazuello.<\/p>\n\n\n\n<p>Assim, o depoimento da m\u00e9dica cearense Mayra Pinheiro foi transferido para a pr\u00f3xima ter\u00e7a-feira, dia 25. Mayra foi apontada pelo ex-ministro da Sa\u00fade de ser a respons\u00e1vel pela difus\u00e3o da cloroquina como tratamento precoce da Covid-19 em Manaus.<\/p>\n\n\n\n<figure class=\"wp-block-image size-large\"><img loading=\"lazy\" decoding=\"async\" width=\"640\" height=\"427\" src=\"https:\/\/blogdorogeriogomes.com.br\/wp-content\/uploads\/2021\/05\/images-2021-05-20T064559.657.jpeg\" alt=\"\" class=\"wp-image-21308\" srcset=\"https:\/\/blogdorogeriogomes.com.br\/noticias\/wp-content\/uploads\/2021\/05\/images-2021-05-20T064559.657.jpeg 640w, https:\/\/blogdorogeriogomes.com.br\/noticias\/wp-content\/uploads\/2021\/05\/images-2021-05-20T064559.657-300x200.jpeg 300w\" sizes=\"auto, (max-width: 640px) 100vw, 640px\" \/><\/figure>\n","protected":false},"excerpt":{"rendered":"<p>Depois de passar mal na sala da CPI da Covid no Senado Federal, o ex-ministro da Sa\u00fade, Eduardo Pazuello, volta a depor nesta quinta-feira, dia 20 de maio. O primeiro dia de falas de Pazuello foi marcado por contradi\u00e7\u00f5es e defesa excessiva do presidente Jair Bolsonaro nas responsabilidades de enfrentamento \u00e0 pandemia. Segundo o presidente da CPI, Omar Aziz, h\u00e1 23 senadores inscritos na fila para discursar e fazer questionamentos a Pazuello. Assim, o depoimento da m\u00e9dica cearense Mayra&hellip;<\/p>\n","protected":false},"author":1,"featured_media":21308,"comment_status":"open","ping_status":"open","sticky":false,"template":"","format":"standard","meta":{"footnotes":""},"categories":[1],"tags":[],"class_list":["post-21307","post","type-post","status-publish","format-standard","has-post-thumbnail","hentry","category-noticias"],"_links":{"self":[{"href":"https:\/\/blogdorogeriogomes.com.br\/noticias\/wp-json\/wp\/v2\/posts\/21307","targetHints":{"allow":["GET"]}}],"collection":[{"href":"https:\/\/blogdorogeriogomes.com.br\/noticias\/wp-json\/wp\/v2\/posts"}],"about":[{"href":"https:\/\/blogdorogeriogomes.com.br\/noticias\/wp-json\/wp\/v2\/types\/post"}],"author":[{"embeddable":true,"href":"https:\/\/blogdorogeriogomes.com.br\/noticias\/wp-json\/wp\/v2\/users\/1"}],"replies":[{"embeddable":true,"href":"https:\/\/blogdorogeriogomes.com.br\/noticias\/wp-json\/wp\/v2\/comments?post=21307"}],"version-history":[{"count":1,"href":"https:\/\/blogdorogeriogomes.com.br\/noticias\/wp-json\/wp\/v2\/posts\/21307\/revisions"}],"predecessor-version":[{"id":21309,"href":"https:\/\/blogdorogeriogomes.com.br\/noticias\/wp-json\/wp\/v2\/posts\/21307\/revisions\/21309"}],"wp:featuredmedia":[{"embeddable":true,"href":"https:\/\/blogdorogeriogomes.com.br\/noticias\/wp-json\/wp\/v2\/media\/21308"}],"wp:attachment":[{"href":"https:\/\/blogdorogeriogomes.com.br\/noticias\/wp-json\/wp\/v2\/media?parent=21307"}],"wp:term":[{"taxonomy":"category","embeddable":true,"href":"https:\/\/blogdorogeriogomes.com.br\/noticias\/wp-json\/wp\/v2\/categories?post=21307"},{"taxonomy":"post_tag","embeddable":true,"href":"https:\/\/blogdorogeriogomes.com.br\/noticias\/wp-json\/wp\/v2\/tags?post=21307"}],"curies":[{"name":"wp","href":"https:\/\/api.w.org\/{rel}","templated":true}]}}