{"id":21316,"date":"2021-05-20T21:46:54","date_gmt":"2021-05-20T21:46:54","guid":{"rendered":"https:\/\/blogdorogeriogomes.com.br\/?p=21316"},"modified":"2021-05-24T12:43:25","modified_gmt":"2021-05-24T12:43:25","slug":"pazuello-admite-na-cpi-que-governo-federal-optou-por-nao-interferir-na-crise-de-saude-do-amazonas","status":"publish","type":"post","link":"https:\/\/blogdorogeriogomes.com.br\/noticias\/2021\/05\/pazuello-admite-na-cpi-que-governo-federal-optou-por-nao-interferir-na-crise-de-saude-do-amazonas\/","title":{"rendered":"Pazuello admite na CPI que Governo Federal optou por n\u00e3o interferir na crise de sa\u00fade do Amazonas"},"content":{"rendered":"\n<p>Em novo dia de depoimento na CPI da Covid no Senado Federal, nesta quinta-feira, dia 20 de maio, o ex-ministro e general do Ex\u00e9rcito, Eduardo Pazuello, admitiu que o Governo Federal realizou reuni\u00e3o interministerial com o presidente Jair Bolsonaro (sem partido) e decidiu n\u00e3o tomar a\u00e7\u00f5es diante da crise de sa\u00fade do Amazonas em decorr\u00eancia da pandemia.<\/p>\n\n\n\n<p>&#8220;O governador (do Amazonas, Wilson Lima) foi chamado, apresentou sua posi\u00e7\u00e3o, e houve a decis\u00e3o nesta reuni\u00e3o que n\u00e3o haveria essa interven\u00e7\u00e3o. O presidente da Rep\u00fablica estava presente e essa decis\u00e3o foi tomada nesta reuni\u00e3o&#8221;, disse Pazuello em resposta aos parlamentares da comiss\u00e3o.<\/p>\n\n\n\n<p>O militar tamb\u00e9m atribuiu a responsabilidade pela falta de oxig\u00eanio hospitalar em Manaus \u00e0 empresa fornecedora, White Martins, e ao Governo do Amazonas. No entanto, documentos do pr\u00f3prio Minist\u00e9rio da Sa\u00fade acusam que Pazuello j\u00e1 sabia do risco iminente de colapo no estado. Os senadores pressionaram Pazuello a fim de que ele reconhecesse que j\u00e1 sabia da situa\u00e7\u00e3o grave no Norte do Pa\u00eds. Contudo, assegurado por um habeas corpus preventivo concedido pelo ministro do STF, Ricardo Lewandowski, o ex-ministro seguiu com suas vers\u00f5es e negou responsabilidade na crise.<\/p>\n\n\n\n<p>Diante do problema, o relator da CPI, Renan Calheiros (MDB), defendeu a necessidade de a comiss\u00e3o ter um servi\u00e7o de checagem dos fatos ao longo dos depoimentos. &#8220;O ex-ministro mentiu 14 vezes flagrantemente. Desde ontem tivemos espet\u00e1culo nunca visto, cheio de contradi\u00e7\u00f5es e omiss\u00f5es&#8221;.<\/p>\n\n\n\n<figure class=\"wp-block-image size-large\"><img loading=\"lazy\" decoding=\"async\" width=\"804\" height=\"519\" src=\"https:\/\/blogdorogeriogomes.com.br\/wp-content\/uploads\/2021\/05\/presidente-jair-bolsonaro-e-ministro-da-saude-eduardo-pazuello.jpeg\" alt=\"\" class=\"wp-image-21317\" srcset=\"https:\/\/blogdorogeriogomes.com.br\/noticias\/wp-content\/uploads\/2021\/05\/presidente-jair-bolsonaro-e-ministro-da-saude-eduardo-pazuello.jpeg 804w, https:\/\/blogdorogeriogomes.com.br\/noticias\/wp-content\/uploads\/2021\/05\/presidente-jair-bolsonaro-e-ministro-da-saude-eduardo-pazuello-300x194.jpeg 300w, https:\/\/blogdorogeriogomes.com.br\/noticias\/wp-content\/uploads\/2021\/05\/presidente-jair-bolsonaro-e-ministro-da-saude-eduardo-pazuello-768x496.jpeg 768w, https:\/\/blogdorogeriogomes.com.br\/noticias\/wp-content\/uploads\/2021\/05\/presidente-jair-bolsonaro-e-ministro-da-saude-eduardo-pazuello-800x516.jpeg 800w\" sizes=\"auto, (max-width: 804px) 100vw, 804px\" \/><\/figure>\n","protected":false},"excerpt":{"rendered":"<p>Em novo dia de depoimento na CPI da Covid no Senado Federal, nesta quinta-feira, dia 20 de maio, o ex-ministro e general do Ex\u00e9rcito, Eduardo Pazuello, admitiu que o Governo Federal realizou reuni\u00e3o interministerial com o presidente Jair Bolsonaro (sem partido) e decidiu n\u00e3o tomar a\u00e7\u00f5es diante da crise de sa\u00fade do Amazonas em decorr\u00eancia da pandemia. &#8220;O governador (do Amazonas, Wilson Lima) foi chamado, apresentou sua posi\u00e7\u00e3o, e houve a decis\u00e3o nesta reuni\u00e3o que n\u00e3o haveria essa interven\u00e7\u00e3o.&hellip;<\/p>\n","protected":false},"author":1,"featured_media":21317,"comment_status":"open","ping_status":"open","sticky":false,"template":"","format":"standard","meta":{"footnotes":""},"categories":[1],"tags":[],"class_list":["post-21316","post","type-post","status-publish","format-standard","has-post-thumbnail","hentry","category-noticias"],"_links":{"self":[{"href":"https:\/\/blogdorogeriogomes.com.br\/noticias\/wp-json\/wp\/v2\/posts\/21316","targetHints":{"allow":["GET"]}}],"collection":[{"href":"https:\/\/blogdorogeriogomes.com.br\/noticias\/wp-json\/wp\/v2\/posts"}],"about":[{"href":"https:\/\/blogdorogeriogomes.com.br\/noticias\/wp-json\/wp\/v2\/types\/post"}],"author":[{"embeddable":true,"href":"https:\/\/blogdorogeriogomes.com.br\/noticias\/wp-json\/wp\/v2\/users\/1"}],"replies":[{"embeddable":true,"href":"https:\/\/blogdorogeriogomes.com.br\/noticias\/wp-json\/wp\/v2\/comments?post=21316"}],"version-history":[{"count":1,"href":"https:\/\/blogdorogeriogomes.com.br\/noticias\/wp-json\/wp\/v2\/posts\/21316\/revisions"}],"predecessor-version":[{"id":21318,"href":"https:\/\/blogdorogeriogomes.com.br\/noticias\/wp-json\/wp\/v2\/posts\/21316\/revisions\/21318"}],"wp:featuredmedia":[{"embeddable":true,"href":"https:\/\/blogdorogeriogomes.com.br\/noticias\/wp-json\/wp\/v2\/media\/21317"}],"wp:attachment":[{"href":"https:\/\/blogdorogeriogomes.com.br\/noticias\/wp-json\/wp\/v2\/media?parent=21316"}],"wp:term":[{"taxonomy":"category","embeddable":true,"href":"https:\/\/blogdorogeriogomes.com.br\/noticias\/wp-json\/wp\/v2\/categories?post=21316"},{"taxonomy":"post_tag","embeddable":true,"href":"https:\/\/blogdorogeriogomes.com.br\/noticias\/wp-json\/wp\/v2\/tags?post=21316"}],"curies":[{"name":"wp","href":"https:\/\/api.w.org\/{rel}","templated":true}]}}