{"id":21319,"date":"2021-05-20T22:03:41","date_gmt":"2021-05-20T22:03:41","guid":{"rendered":"https:\/\/blogdorogeriogomes.com.br\/?p=21319"},"modified":"2021-05-24T12:43:17","modified_gmt":"2021-05-24T12:43:17","slug":"projeto-da-assembleia-legislativa-proibe-uso-de-amianto-no-ceara","status":"publish","type":"post","link":"https:\/\/blogdorogeriogomes.com.br\/noticias\/2021\/05\/projeto-da-assembleia-legislativa-proibe-uso-de-amianto-no-ceara\/","title":{"rendered":"Projeto da Assembleia Legislativa pro\u00edbe uso de amianto no Cear\u00e1"},"content":{"rendered":"\n<p>A Assembleia Legislativa do Cear\u00e1 aprovou nesta quinta-feira, dia 20 de maio, o Projeto de Lei 00228\/19, de autoria do deputado Elmano Freitas (PT), que pro\u00edbe o uso de<br>amianto em todo Cear\u00e1. Para o autor do PL, a aprova\u00e7\u00e3o \u00e9 uma importante<br>iniciativa em defesa da sa\u00fade da popula\u00e7\u00e3o. \u201cN\u00e3o existe uso seguro do amianto. A<br>OMS j\u00e1 comprovou que \u00e9 um mineral perigoso, capaz de provocar uma s\u00e9rie de<br>doen\u00e7as, como o c\u00e2ncer e que pode at\u00e9 matar\u201d, alerta Elmano. O projeto segue<br>agora para san\u00e7\u00e3o do governador Camilo Santana. \u201cNosso governador tem tido uma<br>atua\u00e7\u00e3o exemplar no combate \u00e0 pandemia do coronav\u00edrus. Tem mostrado grande<br>sensibilidade no trato dos problemas do nosso povo. E quando o assunto \u00e9 sa\u00fade,<br>ele n\u00e3o mede esfor\u00e7os para garantir o bem estar dos cearenses. Por isso, estamos<br>confiantes na san\u00e7\u00e3o do nosso projeto \u201c, ressalta o parlamentar.<br>Atualmente, o uso do amianto \u00e9 proibido em mais de 75 pa\u00edses. Na Uni\u00e3o Europeia,<br>foi banido em 2005 por conta das evid\u00eancias acumuladas desde a d\u00e9cada de 1960<br>de que o produto \u00e9 t\u00f3xico e cancer\u00edgeno. N\u00fameros da Organiza\u00e7\u00e3o Mundial da<br>Sa\u00fade (OMS) estimam que 125 milh\u00f5es de trabalhadores e trabalhadoras em todo o<br>mundo est\u00e3o expostos ao amianto e que mais de 107 mil trabalhadores morrem por<br>ano em decorr\u00eancia de doen\u00e7as relacionadas \u00e0 exposi\u00e7\u00e3o ao mineral e suas fibras.<br>No Brasil, oito Estados t\u00eam leis proibindo o amianto: Santa Catarina, Rio de Janeiro,<br>Rio Grande do Sul, Pernambuco, S\u00e3o Paulo, Mato Grosso do Sul, Minas Gerais e Amazonas.<\/p>\n\n\n\n<figure class=\"wp-block-image size-large\"><img loading=\"lazy\" decoding=\"async\" width=\"472\" height=\"1024\" src=\"https:\/\/blogdorogeriogomes.com.br\/wp-content\/uploads\/2021\/05\/IMG-20210520-WA0069-472x1024.jpg\" alt=\"\" class=\"wp-image-21320\" srcset=\"https:\/\/blogdorogeriogomes.com.br\/noticias\/wp-content\/uploads\/2021\/05\/IMG-20210520-WA0069-472x1024.jpg 472w, https:\/\/blogdorogeriogomes.com.br\/noticias\/wp-content\/uploads\/2021\/05\/IMG-20210520-WA0069-138x300.jpg 138w, https:\/\/blogdorogeriogomes.com.br\/noticias\/wp-content\/uploads\/2021\/05\/IMG-20210520-WA0069-708x1536.jpg 708w, https:\/\/blogdorogeriogomes.com.br\/noticias\/wp-content\/uploads\/2021\/05\/IMG-20210520-WA0069.jpg 737w\" sizes=\"auto, (max-width: 472px) 100vw, 472px\" \/><\/figure>\n","protected":false},"excerpt":{"rendered":"<p>A Assembleia Legislativa do Cear\u00e1 aprovou nesta quinta-feira, dia 20 de maio, o Projeto de Lei 00228\/19, de autoria do deputado Elmano Freitas (PT), que pro\u00edbe o uso deamianto em todo Cear\u00e1. Para o autor do PL, a aprova\u00e7\u00e3o \u00e9 uma importanteiniciativa em defesa da sa\u00fade da popula\u00e7\u00e3o. \u201cN\u00e3o existe uso seguro do amianto. AOMS j\u00e1 comprovou que \u00e9 um mineral perigoso, capaz de provocar uma s\u00e9rie dedoen\u00e7as, como o c\u00e2ncer e que pode at\u00e9 matar\u201d, alerta Elmano. O&hellip;<\/p>\n","protected":false},"author":1,"featured_media":21320,"comment_status":"open","ping_status":"open","sticky":false,"template":"","format":"standard","meta":{"footnotes":""},"categories":[1],"tags":[],"class_list":["post-21319","post","type-post","status-publish","format-standard","has-post-thumbnail","hentry","category-noticias"],"_links":{"self":[{"href":"https:\/\/blogdorogeriogomes.com.br\/noticias\/wp-json\/wp\/v2\/posts\/21319","targetHints":{"allow":["GET"]}}],"collection":[{"href":"https:\/\/blogdorogeriogomes.com.br\/noticias\/wp-json\/wp\/v2\/posts"}],"about":[{"href":"https:\/\/blogdorogeriogomes.com.br\/noticias\/wp-json\/wp\/v2\/types\/post"}],"author":[{"embeddable":true,"href":"https:\/\/blogdorogeriogomes.com.br\/noticias\/wp-json\/wp\/v2\/users\/1"}],"replies":[{"embeddable":true,"href":"https:\/\/blogdorogeriogomes.com.br\/noticias\/wp-json\/wp\/v2\/comments?post=21319"}],"version-history":[{"count":1,"href":"https:\/\/blogdorogeriogomes.com.br\/noticias\/wp-json\/wp\/v2\/posts\/21319\/revisions"}],"predecessor-version":[{"id":21321,"href":"https:\/\/blogdorogeriogomes.com.br\/noticias\/wp-json\/wp\/v2\/posts\/21319\/revisions\/21321"}],"wp:featuredmedia":[{"embeddable":true,"href":"https:\/\/blogdorogeriogomes.com.br\/noticias\/wp-json\/wp\/v2\/media\/21320"}],"wp:attachment":[{"href":"https:\/\/blogdorogeriogomes.com.br\/noticias\/wp-json\/wp\/v2\/media?parent=21319"}],"wp:term":[{"taxonomy":"category","embeddable":true,"href":"https:\/\/blogdorogeriogomes.com.br\/noticias\/wp-json\/wp\/v2\/categories?post=21319"},{"taxonomy":"post_tag","embeddable":true,"href":"https:\/\/blogdorogeriogomes.com.br\/noticias\/wp-json\/wp\/v2\/tags?post=21319"}],"curies":[{"name":"wp","href":"https:\/\/api.w.org\/{rel}","templated":true}]}}