{"id":21323,"date":"2021-05-21T09:15:34","date_gmt":"2021-05-21T09:15:34","guid":{"rendered":"https:\/\/blogdorogeriogomes.com.br\/?p=21323"},"modified":"2021-05-24T12:43:10","modified_gmt":"2021-05-24T12:43:10","slug":"justica-concede-retorno-das-aulas-presenciais-do-ensino-medio-no-ceara-sindicato-apeoc-pretende-recorrer","status":"publish","type":"post","link":"https:\/\/blogdorogeriogomes.com.br\/noticias\/2021\/05\/justica-concede-retorno-das-aulas-presenciais-do-ensino-medio-no-ceara-sindicato-apeoc-pretende-recorrer\/","title":{"rendered":"Justi\u00e7a concede retorno das aulas presenciais do ensino m\u00e9dio no Cear\u00e1. Sindicato Apeoc pretende recorrer"},"content":{"rendered":"\n<p>A Justi\u00e7a do Cear\u00e1 concedeu tutela para o retorno das aulas presenciais do ensino m\u00e9dio no estado, nesta quinta-feira, dia 20 de maio. A decis\u00e3o foi proferida pela ju\u00edza Cleiriane Lima Frota, 3\u00aa Vara da Fazenda P\u00fablica, e atendeu \u00e0 A\u00e7\u00e3o Popular.<br>A decis\u00e3o estabelece que Governo do Estado deve, em at\u00e9 cinco dias, apresentar um planejamento de retomada das aulas presenciais, adotando medidas de preven\u00e7\u00e3o contra a Covid-19, para os alunos do Ensino M\u00e9dio no Estado e o retorno deve ocorrer em at\u00e9 15 dias. H\u00e1 uma resist\u00eancia por parte dos professores da rede estadual devido ao medo de contamina\u00e7\u00e3o com o coronav\u00edrus.<\/p>\n\n\n\n<p>O Sindicato dos Professores e Servidores da Educa\u00e7\u00e3o do Cear\u00e1 (Apeoc) reagiu \u00e0 decis\u00e3o da Justi\u00e7a. A diretoria da entidade promoveu um ato pol\u00edtico em frente ao F\u00f3rum Cl\u00f3vis Bevilaqua, em Fortaleza, na tarde da quinta-feira. A Apeoc vai buscar a Justi\u00e7a para reverter a liminar&nbsp;expedida pela&nbsp;ju\u00edza Cleiriane Lima Frota.<\/p>\n\n\n\n<p>A decis\u00e3o estabelece que Governo do Estado deve, em at\u00e9 cinco dias, apresentar um planejamento de retomada das aulas presenciais, adotando medidas de preven\u00e7\u00e3o contra a Covid-19, para os alunos do Ensino M\u00e9dio no Estado e o retorno deve ocorrer num prazo de at\u00e9 15 dias.<\/p>\n\n\n\n<p>Caso a decis\u00e3o seja descumprida, a multa estabelecida \u00e9 de R$ 100 mil por dia. O retorno deve ser facultativo, em modelo h\u00edbrido e seguir todos os protocolos de seguran\u00e7a.<\/p>\n\n\n\n<p>De acordo com a fundadora do grupo de m\u00e3es \u201cEscolas Abertas Cear\u00e1\u201d, Fernanda Ara\u00fajo, o principal argumento a favor do retorno das aulas \u00e9 o funcionamento de outras atividades com maior risco de contamina\u00e7\u00e3o.<\/p>\n\n\n\n<p>Segundo o presidente do Sindicato Apeoc, An\u00edzio Melo, &#8220;o momento da pandemia nos mostrou que o Governo Federal&nbsp;n\u00e3o se preparou, n\u00e3o garantiu vacinas, n\u00e3o se articulou para garantir insumos. A decis\u00e3o da ju\u00edza \u00e9 intempestiva porque n\u00e3o dialoga com o processo democr\u00e1tico de um retorno quando for poss\u00edvel&#8221;.<\/p>\n\n\n\n<figure class=\"wp-block-image size-large\"><img loading=\"lazy\" decoding=\"async\" width=\"679\" height=\"452\" src=\"https:\/\/blogdorogeriogomes.com.br\/wp-content\/uploads\/2021\/05\/images-2021-05-21T061420.373.jpeg\" alt=\"\" class=\"wp-image-21324\" srcset=\"https:\/\/blogdorogeriogomes.com.br\/noticias\/wp-content\/uploads\/2021\/05\/images-2021-05-21T061420.373.jpeg 679w, https:\/\/blogdorogeriogomes.com.br\/noticias\/wp-content\/uploads\/2021\/05\/images-2021-05-21T061420.373-300x200.jpeg 300w\" sizes=\"auto, (max-width: 679px) 100vw, 679px\" \/><\/figure>\n","protected":false},"excerpt":{"rendered":"<p>A Justi\u00e7a do Cear\u00e1 concedeu tutela para o retorno das aulas presenciais do ensino m\u00e9dio no estado, nesta quinta-feira, dia 20 de maio. A decis\u00e3o foi proferida pela ju\u00edza Cleiriane Lima Frota, 3\u00aa Vara da Fazenda P\u00fablica, e atendeu \u00e0 A\u00e7\u00e3o Popular.A decis\u00e3o estabelece que Governo do Estado deve, em at\u00e9 cinco dias, apresentar um planejamento de retomada das aulas presenciais, adotando medidas de preven\u00e7\u00e3o contra a Covid-19, para os alunos do Ensino M\u00e9dio no Estado e o retorno&hellip;<\/p>\n","protected":false},"author":1,"featured_media":21324,"comment_status":"open","ping_status":"open","sticky":false,"template":"","format":"standard","meta":{"footnotes":""},"categories":[1],"tags":[],"class_list":["post-21323","post","type-post","status-publish","format-standard","has-post-thumbnail","hentry","category-noticias"],"_links":{"self":[{"href":"https:\/\/blogdorogeriogomes.com.br\/noticias\/wp-json\/wp\/v2\/posts\/21323","targetHints":{"allow":["GET"]}}],"collection":[{"href":"https:\/\/blogdorogeriogomes.com.br\/noticias\/wp-json\/wp\/v2\/posts"}],"about":[{"href":"https:\/\/blogdorogeriogomes.com.br\/noticias\/wp-json\/wp\/v2\/types\/post"}],"author":[{"embeddable":true,"href":"https:\/\/blogdorogeriogomes.com.br\/noticias\/wp-json\/wp\/v2\/users\/1"}],"replies":[{"embeddable":true,"href":"https:\/\/blogdorogeriogomes.com.br\/noticias\/wp-json\/wp\/v2\/comments?post=21323"}],"version-history":[{"count":2,"href":"https:\/\/blogdorogeriogomes.com.br\/noticias\/wp-json\/wp\/v2\/posts\/21323\/revisions"}],"predecessor-version":[{"id":21353,"href":"https:\/\/blogdorogeriogomes.com.br\/noticias\/wp-json\/wp\/v2\/posts\/21323\/revisions\/21353"}],"wp:featuredmedia":[{"embeddable":true,"href":"https:\/\/blogdorogeriogomes.com.br\/noticias\/wp-json\/wp\/v2\/media\/21324"}],"wp:attachment":[{"href":"https:\/\/blogdorogeriogomes.com.br\/noticias\/wp-json\/wp\/v2\/media?parent=21323"}],"wp:term":[{"taxonomy":"category","embeddable":true,"href":"https:\/\/blogdorogeriogomes.com.br\/noticias\/wp-json\/wp\/v2\/categories?post=21323"},{"taxonomy":"post_tag","embeddable":true,"href":"https:\/\/blogdorogeriogomes.com.br\/noticias\/wp-json\/wp\/v2\/tags?post=21323"}],"curies":[{"name":"wp","href":"https:\/\/api.w.org\/{rel}","templated":true}]}}