{"id":21326,"date":"2021-05-21T09:48:54","date_gmt":"2021-05-21T09:48:54","guid":{"rendered":"https:\/\/blogdorogeriogomes.com.br\/?p=21326"},"modified":"2021-05-24T12:43:02","modified_gmt":"2021-05-24T12:43:02","slug":"balanco-mostra-que-ceara-tem-estabilidade-nas-internacoes-de-casos-de-covid-19-mas-o-patamar-ainda-e-alto","status":"publish","type":"post","link":"https:\/\/blogdorogeriogomes.com.br\/noticias\/2021\/05\/balanco-mostra-que-ceara-tem-estabilidade-nas-internacoes-de-casos-de-covid-19-mas-o-patamar-ainda-e-alto\/","title":{"rendered":"Balan\u00e7o mostra que Cear\u00e1 tem estabilidade nas interna\u00e7\u00f5es de casos de Covid-19, mas o patamar ainda \u00e9 alto"},"content":{"rendered":"\n<p>A semana foi de estabilidade nas interna\u00e7\u00f5es, nos casos e n\u00famero de mortes por Covid-19 no Cear\u00e1. De acordo com dados do IntegraSUS, plataforma da Secretaria da Sa\u00fade do Estado, a rede hospitalar do Cear\u00e1 est\u00e1 com 86,92% de ocupa\u00e7\u00e3o dos leitos de Unidade de Terapia Intensiva (UTI). Nas enfermarias, o cen\u00e1rio \u00e9 de 74,37% ocupados por pacientes com Covid-19. O balan\u00e7o leva em considera\u00e7\u00e3o hospitais da rede p\u00fablica e privada. Em Fortaleza, s\u00e3o 14 hospitais com lota\u00e7\u00e3o m\u00e1xima na UTIs e outros seis est\u00e3o com ocupa\u00e7\u00e3o superior a 90%.<\/p>\n\n\n\n<p>O Cear\u00e1 registrou, nesta quinta-feira (20), 12 \u00f3bitos confirmados por Covid-19 nas \u00faltimas 24 horas. S\u00e3o 19.668 mortes por coronav\u00edrus no estado desde o in\u00edcio da pandemia. 758.808 pessoas j\u00e1 foram confirmadas com a doen\u00e7a.<\/p>\n\n\n\n<p>O Governo do Estado deve confirmar nesta sexta-feira, dia 21 de maio, se haver\u00e1 alguma altera\u00e7\u00e3o no decreto de retomada econ\u00f4mica para a pr\u00f3xima semana.<\/p>\n\n\n\n<figure class=\"wp-block-image size-large\"><img loading=\"lazy\" decoding=\"async\" width=\"678\" height=\"452\" src=\"https:\/\/blogdorogeriogomes.com.br\/wp-content\/uploads\/2021\/05\/images-2021-05-21T064810.197.jpeg\" alt=\"\" class=\"wp-image-21327\" srcset=\"https:\/\/blogdorogeriogomes.com.br\/noticias\/wp-content\/uploads\/2021\/05\/images-2021-05-21T064810.197.jpeg 678w, https:\/\/blogdorogeriogomes.com.br\/noticias\/wp-content\/uploads\/2021\/05\/images-2021-05-21T064810.197-300x200.jpeg 300w\" sizes=\"auto, (max-width: 678px) 100vw, 678px\" \/><\/figure>\n","protected":false},"excerpt":{"rendered":"<p>A semana foi de estabilidade nas interna\u00e7\u00f5es, nos casos e n\u00famero de mortes por Covid-19 no Cear\u00e1. De acordo com dados do IntegraSUS, plataforma da Secretaria da Sa\u00fade do Estado, a rede hospitalar do Cear\u00e1 est\u00e1 com 86,92% de ocupa\u00e7\u00e3o dos leitos de Unidade de Terapia Intensiva (UTI). Nas enfermarias, o cen\u00e1rio \u00e9 de 74,37% ocupados por pacientes com Covid-19. O balan\u00e7o leva em considera\u00e7\u00e3o hospitais da rede p\u00fablica e privada. Em Fortaleza, s\u00e3o 14 hospitais com lota\u00e7\u00e3o m\u00e1xima&hellip;<\/p>\n","protected":false},"author":1,"featured_media":21327,"comment_status":"open","ping_status":"open","sticky":false,"template":"","format":"standard","meta":{"footnotes":""},"categories":[1],"tags":[],"class_list":["post-21326","post","type-post","status-publish","format-standard","has-post-thumbnail","hentry","category-noticias"],"_links":{"self":[{"href":"https:\/\/blogdorogeriogomes.com.br\/noticias\/wp-json\/wp\/v2\/posts\/21326","targetHints":{"allow":["GET"]}}],"collection":[{"href":"https:\/\/blogdorogeriogomes.com.br\/noticias\/wp-json\/wp\/v2\/posts"}],"about":[{"href":"https:\/\/blogdorogeriogomes.com.br\/noticias\/wp-json\/wp\/v2\/types\/post"}],"author":[{"embeddable":true,"href":"https:\/\/blogdorogeriogomes.com.br\/noticias\/wp-json\/wp\/v2\/users\/1"}],"replies":[{"embeddable":true,"href":"https:\/\/blogdorogeriogomes.com.br\/noticias\/wp-json\/wp\/v2\/comments?post=21326"}],"version-history":[{"count":1,"href":"https:\/\/blogdorogeriogomes.com.br\/noticias\/wp-json\/wp\/v2\/posts\/21326\/revisions"}],"predecessor-version":[{"id":21328,"href":"https:\/\/blogdorogeriogomes.com.br\/noticias\/wp-json\/wp\/v2\/posts\/21326\/revisions\/21328"}],"wp:featuredmedia":[{"embeddable":true,"href":"https:\/\/blogdorogeriogomes.com.br\/noticias\/wp-json\/wp\/v2\/media\/21327"}],"wp:attachment":[{"href":"https:\/\/blogdorogeriogomes.com.br\/noticias\/wp-json\/wp\/v2\/media?parent=21326"}],"wp:term":[{"taxonomy":"category","embeddable":true,"href":"https:\/\/blogdorogeriogomes.com.br\/noticias\/wp-json\/wp\/v2\/categories?post=21326"},{"taxonomy":"post_tag","embeddable":true,"href":"https:\/\/blogdorogeriogomes.com.br\/noticias\/wp-json\/wp\/v2\/tags?post=21326"}],"curies":[{"name":"wp","href":"https:\/\/api.w.org\/{rel}","templated":true}]}}