{"id":21329,"date":"2021-05-21T13:57:29","date_gmt":"2021-05-21T13:57:29","guid":{"rendered":"https:\/\/blogdorogeriogomes.com.br\/?p=21329"},"modified":"2021-05-24T12:42:52","modified_gmt":"2021-05-24T12:42:52","slug":"sesa-acompanha-caso-suspeito-de-variante-indiana-da-covid-19-em-fortaleza","status":"publish","type":"post","link":"https:\/\/blogdorogeriogomes.com.br\/noticias\/2021\/05\/sesa-acompanha-caso-suspeito-de-variante-indiana-da-covid-19-em-fortaleza\/","title":{"rendered":"Sesa acompanha caso suspeito de variante indiana da Covid-19 em Fortaleza"},"content":{"rendered":"\n<p>Em comunicado oficial divulgado nesta sexta-feira, dia 21 de maio, a Secretaria da Sa\u00fade do Cear\u00e1 (Sesa) informou que recebeu notifica\u00e7\u00e3o da Ag\u00eancia Nacional de Vigil\u00e2ncia Sanit\u00e1ria (Anvisa) sobre um caso suspeito da variante indiana da Covid-19 em Fortaleza. O aviso foi feito na \u00faltima segunda-feira, dia 17, seguido de visita t\u00e9cnica ao local de isolamento do paciente, com equipes t\u00e9cnicas da Vigil\u00e2ncia Sanit\u00e1ria do Estado e do Centro de Informa\u00e7\u00f5es Estrat\u00e9gicas em Vigil\u00e2ncia em Sa\u00fade (Cievs), al\u00e9m de equipe de Epidemiologia do Munic\u00edpio de Fortaleza.<\/p>\n\n\n\n<p>O contaminado \u00e9 um passageiro de 35 anos vindo da \u00cdndia que desembarcou na Capital, no dia 9 de maio, sem sintomas. O homem testou positivo por meio de dois exames RT-PCR nos dias 10 e 11. No dia 18 de maio, o viajante realizou outro teste, que deu negativo.&nbsp;<\/p>\n\n\n\n<p>O portador do v\u00edrus veio da \u00cdndia para Fortaleza acompanhado de um colega de empresa, que fez exames nos dias 10 e 12 de maio, mas teve resultado negativo em ambos. O acompanhante tamb\u00e9m segue sem sintomas.<\/p>\n\n\n\n<p>A Sesa garantiu que continua monitorando o isolamento do paciente, com acompanhamento das an\u00e1lises dos exames e laudos laboratoriais para rastreio de variante por meio de vigil\u00e2ncia gen\u00f4mica. A secretaria orienta que todos os viajantes que chegam ao Cear\u00e1 oriundos de pa\u00edses com circula\u00e7\u00e3o de variantes devem cumprir quarentena de 14 dias.<\/p>\n\n\n\n<figure class=\"wp-block-image size-large\"><img loading=\"lazy\" decoding=\"async\" width=\"738\" height=\"415\" src=\"https:\/\/blogdorogeriogomes.com.br\/wp-content\/uploads\/2021\/05\/images-2021-05-21T105411.098.jpeg\" alt=\"\" class=\"wp-image-21330\" srcset=\"https:\/\/blogdorogeriogomes.com.br\/noticias\/wp-content\/uploads\/2021\/05\/images-2021-05-21T105411.098.jpeg 738w, https:\/\/blogdorogeriogomes.com.br\/noticias\/wp-content\/uploads\/2021\/05\/images-2021-05-21T105411.098-300x169.jpeg 300w\" sizes=\"auto, (max-width: 738px) 100vw, 738px\" \/><\/figure>\n","protected":false},"excerpt":{"rendered":"<p>Em comunicado oficial divulgado nesta sexta-feira, dia 21 de maio, a Secretaria da Sa\u00fade do Cear\u00e1 (Sesa) informou que recebeu notifica\u00e7\u00e3o da Ag\u00eancia Nacional de Vigil\u00e2ncia Sanit\u00e1ria (Anvisa) sobre um caso suspeito da variante indiana da Covid-19 em Fortaleza. O aviso foi feito na \u00faltima segunda-feira, dia 17, seguido de visita t\u00e9cnica ao local de isolamento do paciente, com equipes t\u00e9cnicas da Vigil\u00e2ncia Sanit\u00e1ria do Estado e do Centro de Informa\u00e7\u00f5es Estrat\u00e9gicas em Vigil\u00e2ncia em Sa\u00fade (Cievs), al\u00e9m de&hellip;<\/p>\n","protected":false},"author":1,"featured_media":21330,"comment_status":"open","ping_status":"open","sticky":false,"template":"","format":"standard","meta":{"footnotes":""},"categories":[1],"tags":[],"class_list":["post-21329","post","type-post","status-publish","format-standard","has-post-thumbnail","hentry","category-noticias"],"_links":{"self":[{"href":"https:\/\/blogdorogeriogomes.com.br\/noticias\/wp-json\/wp\/v2\/posts\/21329","targetHints":{"allow":["GET"]}}],"collection":[{"href":"https:\/\/blogdorogeriogomes.com.br\/noticias\/wp-json\/wp\/v2\/posts"}],"about":[{"href":"https:\/\/blogdorogeriogomes.com.br\/noticias\/wp-json\/wp\/v2\/types\/post"}],"author":[{"embeddable":true,"href":"https:\/\/blogdorogeriogomes.com.br\/noticias\/wp-json\/wp\/v2\/users\/1"}],"replies":[{"embeddable":true,"href":"https:\/\/blogdorogeriogomes.com.br\/noticias\/wp-json\/wp\/v2\/comments?post=21329"}],"version-history":[{"count":1,"href":"https:\/\/blogdorogeriogomes.com.br\/noticias\/wp-json\/wp\/v2\/posts\/21329\/revisions"}],"predecessor-version":[{"id":21331,"href":"https:\/\/blogdorogeriogomes.com.br\/noticias\/wp-json\/wp\/v2\/posts\/21329\/revisions\/21331"}],"wp:featuredmedia":[{"embeddable":true,"href":"https:\/\/blogdorogeriogomes.com.br\/noticias\/wp-json\/wp\/v2\/media\/21330"}],"wp:attachment":[{"href":"https:\/\/blogdorogeriogomes.com.br\/noticias\/wp-json\/wp\/v2\/media?parent=21329"}],"wp:term":[{"taxonomy":"category","embeddable":true,"href":"https:\/\/blogdorogeriogomes.com.br\/noticias\/wp-json\/wp\/v2\/categories?post=21329"},{"taxonomy":"post_tag","embeddable":true,"href":"https:\/\/blogdorogeriogomes.com.br\/noticias\/wp-json\/wp\/v2\/tags?post=21329"}],"curies":[{"name":"wp","href":"https:\/\/api.w.org\/{rel}","templated":true}]}}