{"id":21335,"date":"2021-05-22T01:17:24","date_gmt":"2021-05-22T01:17:24","guid":{"rendered":"https:\/\/blogdorogeriogomes.com.br\/?p=21335"},"modified":"2021-05-24T12:42:29","modified_gmt":"2021-05-24T12:42:29","slug":"tjce-barra-retorno-de-aulas-presenciais-mas-professores-comecam-a-ser-vacinados-na-proxima-semana-no-ceara","status":"publish","type":"post","link":"https:\/\/blogdorogeriogomes.com.br\/noticias\/2021\/05\/tjce-barra-retorno-de-aulas-presenciais-mas-professores-comecam-a-ser-vacinados-na-proxima-semana-no-ceara\/","title":{"rendered":"TJCE barra retorno de aulas presenciais, mas professores come\u00e7am a ser vacinados na pr\u00f3xima semana no Cear\u00e1"},"content":{"rendered":"\n<p>O Tribunal de Justi\u00e7a do Cear\u00e1 (TJCE) derrubou a liminar que determinava o retorno das aulas presenciais para alunos do Ensino M\u00e9dio no Estado.&nbsp;O Sindicato Apeoc tinha recorrido da decis\u00e3o da 3\u00aa Vara da Fazenda P\u00fablica, em a\u00e7\u00e3o movida pelo grupo Escolas Abertas Cear\u00e1, liderado por m\u00e3es de alunos.<\/p>\n\n\n\n<p>Mesmo assim, o governador Camilo Santana (PT) anunciou nesta sexta-feira, dia 21 de maio, ap\u00f3s reuni\u00e3o do comit\u00ea de enfrentamento \u00e0 Covid-19 no Cear\u00e1, que os professores da rede p\u00fablica e da rede privada de ensino come\u00e7ar\u00e3o a ser vacinados a partir da pr\u00f3xima semana. Camilo destacou que a imuniza\u00e7\u00e3o dos profissionais da educa\u00e7\u00e3o \u00e9 crucial para garantir o retorno das aulas presenciais nas escolas em munic\u00edpios cearenses.<\/p>\n\n\n\n<p>Desde dezembro do ano passado, o Governo do Cear\u00e1 solicita ao Minist\u00e9rio da Sa\u00fade a inclus\u00e3o dos professores nas fases priorit\u00e1rias do Plano Nacional de Imuniza\u00e7\u00e3o (PNI). &#8220;Enviamos of\u00edcios em dezembro de 2020 e abril deste ano com o pleito, ambos sem resposta&#8221;, lembrou o governador.<\/p>\n\n\n\n<p>Neste s\u00e1bado, Camilo Santana anunciar\u00e1 a atualiza\u00e7\u00e3o do decreto estadual que estabelece as normas de isolamento social no enfrentamento aos casos de coronav\u00edrus.<\/p>\n\n\n\n<figure class=\"wp-block-image size-large\"><img loading=\"lazy\" decoding=\"async\" width=\"750\" height=\"375\" src=\"https:\/\/blogdorogeriogomes.com.br\/wp-content\/uploads\/2021\/05\/images-2021-05-21T215332.436.jpeg\" alt=\"\" class=\"wp-image-21336\" srcset=\"https:\/\/blogdorogeriogomes.com.br\/noticias\/wp-content\/uploads\/2021\/05\/images-2021-05-21T215332.436.jpeg 750w, https:\/\/blogdorogeriogomes.com.br\/noticias\/wp-content\/uploads\/2021\/05\/images-2021-05-21T215332.436-300x150.jpeg 300w\" sizes=\"auto, (max-width: 750px) 100vw, 750px\" \/><\/figure>\n\n\n\n<p><\/p>\n","protected":false},"excerpt":{"rendered":"<p>O Tribunal de Justi\u00e7a do Cear\u00e1 (TJCE) derrubou a liminar que determinava o retorno das aulas presenciais para alunos do Ensino M\u00e9dio no Estado.&nbsp;O Sindicato Apeoc tinha recorrido da decis\u00e3o da 3\u00aa Vara da Fazenda P\u00fablica, em a\u00e7\u00e3o movida pelo grupo Escolas Abertas Cear\u00e1, liderado por m\u00e3es de alunos. Mesmo assim, o governador Camilo Santana (PT) anunciou nesta sexta-feira, dia 21 de maio, ap\u00f3s reuni\u00e3o do comit\u00ea de enfrentamento \u00e0 Covid-19 no Cear\u00e1, que os professores da rede p\u00fablica&hellip;<\/p>\n","protected":false},"author":1,"featured_media":21336,"comment_status":"open","ping_status":"open","sticky":false,"template":"","format":"standard","meta":{"footnotes":""},"categories":[1],"tags":[],"class_list":["post-21335","post","type-post","status-publish","format-standard","has-post-thumbnail","hentry","category-noticias"],"_links":{"self":[{"href":"https:\/\/blogdorogeriogomes.com.br\/noticias\/wp-json\/wp\/v2\/posts\/21335","targetHints":{"allow":["GET"]}}],"collection":[{"href":"https:\/\/blogdorogeriogomes.com.br\/noticias\/wp-json\/wp\/v2\/posts"}],"about":[{"href":"https:\/\/blogdorogeriogomes.com.br\/noticias\/wp-json\/wp\/v2\/types\/post"}],"author":[{"embeddable":true,"href":"https:\/\/blogdorogeriogomes.com.br\/noticias\/wp-json\/wp\/v2\/users\/1"}],"replies":[{"embeddable":true,"href":"https:\/\/blogdorogeriogomes.com.br\/noticias\/wp-json\/wp\/v2\/comments?post=21335"}],"version-history":[{"count":2,"href":"https:\/\/blogdorogeriogomes.com.br\/noticias\/wp-json\/wp\/v2\/posts\/21335\/revisions"}],"predecessor-version":[{"id":21352,"href":"https:\/\/blogdorogeriogomes.com.br\/noticias\/wp-json\/wp\/v2\/posts\/21335\/revisions\/21352"}],"wp:featuredmedia":[{"embeddable":true,"href":"https:\/\/blogdorogeriogomes.com.br\/noticias\/wp-json\/wp\/v2\/media\/21336"}],"wp:attachment":[{"href":"https:\/\/blogdorogeriogomes.com.br\/noticias\/wp-json\/wp\/v2\/media?parent=21335"}],"wp:term":[{"taxonomy":"category","embeddable":true,"href":"https:\/\/blogdorogeriogomes.com.br\/noticias\/wp-json\/wp\/v2\/categories?post=21335"},{"taxonomy":"post_tag","embeddable":true,"href":"https:\/\/blogdorogeriogomes.com.br\/noticias\/wp-json\/wp\/v2\/tags?post=21335"}],"curies":[{"name":"wp","href":"https:\/\/api.w.org\/{rel}","templated":true}]}}