{"id":21341,"date":"2021-05-22T14:35:22","date_gmt":"2021-05-22T14:35:22","guid":{"rendered":"https:\/\/blogdorogeriogomes.com.br\/?p=21341"},"modified":"2021-05-24T12:42:12","modified_gmt":"2021-05-24T12:42:12","slug":"camilo-santana-renova-decreto-estadual-sem-alteracoes-para-a-proxima-semana","status":"publish","type":"post","link":"https:\/\/blogdorogeriogomes.com.br\/noticias\/2021\/05\/camilo-santana-renova-decreto-estadual-sem-alteracoes-para-a-proxima-semana\/","title":{"rendered":"Camilo Santana renova decreto estadual sem altera\u00e7\u00f5es para a pr\u00f3xima semana"},"content":{"rendered":"\n<p>Ap\u00f3s nova reuni\u00e3o do Comit\u00ea de Enfrentamento \u00e0 Covid-19 no Cear\u00e1, o governador Camilo Santana anunciou a renova\u00e7\u00e3o do decreto estadual para a pr\u00f3xima semana sem altera\u00e7\u00f5es. As regi\u00f5es de Fortaleza e Sobral mant\u00eam as medidas de reabertura econ\u00f4mica com autoriza\u00e7\u00e3o para o funcionamento dos com\u00e9rcios de rua, restaurantes e shoppings, com seu hor\u00e1rio de funcionamento ampliado e com capacidade de at\u00e9 50% de segunda-feira \u00e0 domingo. O restante do Estado continua com medidas mais restritivas. Na pr\u00f3xima semana, a regi\u00e3o do Cariri tamb\u00e9m ganha mais refor\u00e7o com medidas sanit\u00e1rias mais r\u00edgidas por causa do alto \u00edndice de ocupa\u00e7\u00e3o das unidades de sa\u00fade com pacientes contaminados pelo coronav\u00edrus.<\/p>\n\n\n\n<p>Nas regi\u00f5es de Fortaleza e Sobral tamb\u00e9m est\u00e1 autorizado que as academias tenham o funcionamento prolongado at\u00e9 21 horas,<br>ficam permitidas atividades esportivas individuais em clubes, como tamb\u00e9m escolinhas de esportes em clubes e areninhas; est\u00e3o autorizadas as aulas pr\u00e1ticas do ensino superior e atividades extra-curriculares das escolas, como tamb\u00e9m os cursos de m\u00fasica, inform\u00e1tica e idiomas. O toque de recolher ser\u00e1 realizado todos os dias das 10 da noite at\u00e9 \u00e0s 5 horas da manh\u00e3 do dia seguinte em todo o Cear\u00e1.<\/p>\n\n\n\n<figure class=\"wp-block-image size-large\"><img loading=\"lazy\" decoding=\"async\" width=\"750\" height=\"500\" src=\"https:\/\/blogdorogeriogomes.com.br\/wp-content\/uploads\/2021\/05\/1_reuniao_comite_21_05-15860913.jpg\" alt=\"\" class=\"wp-image-21342\" srcset=\"https:\/\/blogdorogeriogomes.com.br\/noticias\/wp-content\/uploads\/2021\/05\/1_reuniao_comite_21_05-15860913.jpg 750w, https:\/\/blogdorogeriogomes.com.br\/noticias\/wp-content\/uploads\/2021\/05\/1_reuniao_comite_21_05-15860913-300x200.jpg 300w\" sizes=\"auto, (max-width: 750px) 100vw, 750px\" \/><\/figure>\n","protected":false},"excerpt":{"rendered":"<p>Ap\u00f3s nova reuni\u00e3o do Comit\u00ea de Enfrentamento \u00e0 Covid-19 no Cear\u00e1, o governador Camilo Santana anunciou a renova\u00e7\u00e3o do decreto estadual para a pr\u00f3xima semana sem altera\u00e7\u00f5es. As regi\u00f5es de Fortaleza e Sobral mant\u00eam as medidas de reabertura econ\u00f4mica com autoriza\u00e7\u00e3o para o funcionamento dos com\u00e9rcios de rua, restaurantes e shoppings, com seu hor\u00e1rio de funcionamento ampliado e com capacidade de at\u00e9 50% de segunda-feira \u00e0 domingo. O restante do Estado continua com medidas mais restritivas. Na pr\u00f3xima semana,&hellip;<\/p>\n","protected":false},"author":1,"featured_media":21342,"comment_status":"open","ping_status":"open","sticky":false,"template":"","format":"standard","meta":{"footnotes":""},"categories":[1],"tags":[],"class_list":["post-21341","post","type-post","status-publish","format-standard","has-post-thumbnail","hentry","category-noticias"],"_links":{"self":[{"href":"https:\/\/blogdorogeriogomes.com.br\/noticias\/wp-json\/wp\/v2\/posts\/21341","targetHints":{"allow":["GET"]}}],"collection":[{"href":"https:\/\/blogdorogeriogomes.com.br\/noticias\/wp-json\/wp\/v2\/posts"}],"about":[{"href":"https:\/\/blogdorogeriogomes.com.br\/noticias\/wp-json\/wp\/v2\/types\/post"}],"author":[{"embeddable":true,"href":"https:\/\/blogdorogeriogomes.com.br\/noticias\/wp-json\/wp\/v2\/users\/1"}],"replies":[{"embeddable":true,"href":"https:\/\/blogdorogeriogomes.com.br\/noticias\/wp-json\/wp\/v2\/comments?post=21341"}],"version-history":[{"count":1,"href":"https:\/\/blogdorogeriogomes.com.br\/noticias\/wp-json\/wp\/v2\/posts\/21341\/revisions"}],"predecessor-version":[{"id":21343,"href":"https:\/\/blogdorogeriogomes.com.br\/noticias\/wp-json\/wp\/v2\/posts\/21341\/revisions\/21343"}],"wp:featuredmedia":[{"embeddable":true,"href":"https:\/\/blogdorogeriogomes.com.br\/noticias\/wp-json\/wp\/v2\/media\/21342"}],"wp:attachment":[{"href":"https:\/\/blogdorogeriogomes.com.br\/noticias\/wp-json\/wp\/v2\/media?parent=21341"}],"wp:term":[{"taxonomy":"category","embeddable":true,"href":"https:\/\/blogdorogeriogomes.com.br\/noticias\/wp-json\/wp\/v2\/categories?post=21341"},{"taxonomy":"post_tag","embeddable":true,"href":"https:\/\/blogdorogeriogomes.com.br\/noticias\/wp-json\/wp\/v2\/tags?post=21341"}],"curies":[{"name":"wp","href":"https:\/\/api.w.org\/{rel}","templated":true}]}}