{"id":21344,"date":"2021-05-24T10:09:15","date_gmt":"2021-05-24T10:09:15","guid":{"rendered":"https:\/\/blogdorogeriogomes.com.br\/?p=21344"},"modified":"2021-05-24T12:41:41","modified_gmt":"2021-05-24T12:41:41","slug":"fortaleza-vacina-ultimas-pessoas-com-alguma-cormobidade-ate-esta-terca-feira","status":"publish","type":"post","link":"https:\/\/blogdorogeriogomes.com.br\/noticias\/2021\/05\/fortaleza-vacina-ultimas-pessoas-com-alguma-cormobidade-ate-esta-terca-feira\/","title":{"rendered":"Fortaleza vacina \u00faltimas pessoas com alguma cormobidade at\u00e9 est\u00e1 ter\u00e7a-feira"},"content":{"rendered":"\n<p>A Secretaria de Sa\u00fade de Fortaleza vacina nesta segunda-feira, dia 24 de maio, e ter\u00e7a-feira, dia 25, as \u00faltimas pessoas com cormobidades que estavam cadastradas no site Sa\u00fade Digital, do Governo do Estado, para receber a vacina contra a Covid-19. A imuniza\u00e7\u00e3o acontece no Centro de Eventos, na Arena Castel\u00e3o, no shopping RioMar Fortaleza (Papicu), no Sesi Parangaba, al\u00e9m das quatro unidades da Rede Cuca (Barra do Cear\u00e1, Mondubim, Jangurussu e Jos\u00e9 Walter). 942.322 cearenses, que equivalem a 10,25% da popula\u00e7\u00e3o do Estado, j\u00e1 foram vacinados com as duas doses contra o coronav\u00edrus.<\/p>\n\n\n\n<p>O Cear\u00e1 apresenta 91,3% das Unidades de Terapia Intensiva (UTIs) e 74,8% das enfermarias para Covid-19. O Cear\u00e1 acumula 773.008 casos e 19.839 mortes por Covid-19 desde o come\u00e7o da pandemia, conforme a plataforma Integra SUS. J\u00e1 o Brasil registrou 894 novas mortes de Covid-19 nas \u00faltimas 24 horas e se aproxima das 450 mil v\u00edtimas da pandemia. No total, 449.185 pessoas j\u00e1 morreram em virtude da doen\u00e7a no Pa\u00eds.<\/p>\n\n\n\n<figure class=\"wp-block-image size-large\"><img loading=\"lazy\" decoding=\"async\" width=\"600\" height=\"400\" src=\"https:\/\/blogdorogeriogomes.com.br\/wp-content\/uploads\/2021\/05\/vacina4.jpg\" alt=\"\" class=\"wp-image-21345\" srcset=\"https:\/\/blogdorogeriogomes.com.br\/noticias\/wp-content\/uploads\/2021\/05\/vacina4.jpg 600w, https:\/\/blogdorogeriogomes.com.br\/noticias\/wp-content\/uploads\/2021\/05\/vacina4-300x200.jpg 300w\" sizes=\"auto, (max-width: 600px) 100vw, 600px\" \/><\/figure>\n\n\n\n<p><\/p>\n","protected":false},"excerpt":{"rendered":"<p>A Secretaria de Sa\u00fade de Fortaleza vacina nesta segunda-feira, dia 24 de maio, e ter\u00e7a-feira, dia 25, as \u00faltimas pessoas com cormobidades que estavam cadastradas no site Sa\u00fade Digital, do Governo do Estado, para receber a vacina contra a Covid-19. A imuniza\u00e7\u00e3o acontece no Centro de Eventos, na Arena Castel\u00e3o, no shopping RioMar Fortaleza (Papicu), no Sesi Parangaba, al\u00e9m das quatro unidades da Rede Cuca (Barra do Cear\u00e1, Mondubim, Jangurussu e Jos\u00e9 Walter). 942.322 cearenses, que equivalem a 10,25%&hellip;<\/p>\n","protected":false},"author":1,"featured_media":21345,"comment_status":"open","ping_status":"open","sticky":false,"template":"","format":"standard","meta":{"footnotes":""},"categories":[1],"tags":[],"class_list":["post-21344","post","type-post","status-publish","format-standard","has-post-thumbnail","hentry","category-noticias"],"_links":{"self":[{"href":"https:\/\/blogdorogeriogomes.com.br\/noticias\/wp-json\/wp\/v2\/posts\/21344","targetHints":{"allow":["GET"]}}],"collection":[{"href":"https:\/\/blogdorogeriogomes.com.br\/noticias\/wp-json\/wp\/v2\/posts"}],"about":[{"href":"https:\/\/blogdorogeriogomes.com.br\/noticias\/wp-json\/wp\/v2\/types\/post"}],"author":[{"embeddable":true,"href":"https:\/\/blogdorogeriogomes.com.br\/noticias\/wp-json\/wp\/v2\/users\/1"}],"replies":[{"embeddable":true,"href":"https:\/\/blogdorogeriogomes.com.br\/noticias\/wp-json\/wp\/v2\/comments?post=21344"}],"version-history":[{"count":1,"href":"https:\/\/blogdorogeriogomes.com.br\/noticias\/wp-json\/wp\/v2\/posts\/21344\/revisions"}],"predecessor-version":[{"id":21346,"href":"https:\/\/blogdorogeriogomes.com.br\/noticias\/wp-json\/wp\/v2\/posts\/21344\/revisions\/21346"}],"wp:featuredmedia":[{"embeddable":true,"href":"https:\/\/blogdorogeriogomes.com.br\/noticias\/wp-json\/wp\/v2\/media\/21345"}],"wp:attachment":[{"href":"https:\/\/blogdorogeriogomes.com.br\/noticias\/wp-json\/wp\/v2\/media?parent=21344"}],"wp:term":[{"taxonomy":"category","embeddable":true,"href":"https:\/\/blogdorogeriogomes.com.br\/noticias\/wp-json\/wp\/v2\/categories?post=21344"},{"taxonomy":"post_tag","embeddable":true,"href":"https:\/\/blogdorogeriogomes.com.br\/noticias\/wp-json\/wp\/v2\/tags?post=21344"}],"curies":[{"name":"wp","href":"https:\/\/api.w.org\/{rel}","templated":true}]}}