{"id":21347,"date":"2021-05-24T10:40:50","date_gmt":"2021-05-24T10:40:50","guid":{"rendered":"https:\/\/blogdorogeriogomes.com.br\/?p=21347"},"modified":"2021-05-24T12:41:24","modified_gmt":"2021-05-24T12:41:24","slug":"participacao-de-pazuello-em-protesto-com-bolsonaro-no-rio-gera-reacao-no-exercito-e-entre-membros-da-cpi-da-covid","status":"publish","type":"post","link":"https:\/\/blogdorogeriogomes.com.br\/noticias\/2021\/05\/participacao-de-pazuello-em-protesto-com-bolsonaro-no-rio-gera-reacao-no-exercito-e-entre-membros-da-cpi-da-covid\/","title":{"rendered":"Participa\u00e7\u00e3o de Pazuello em protesto com Bolsonaro no Rio gera rea\u00e7\u00e3o no Ex\u00e9rcito e entre membros da CPI da Covid"},"content":{"rendered":"\n<p>O presidente Jair Bolsonaro promoveu nova aglomera\u00e7\u00e3o ao participar de um ato com motociclistas no Rio de Janeiro, neste domingo, dia 23 de maio. O ex-ministro Eduardo Pazuello esteve em um caminh\u00e3o de som ao lado do presidente, ambos sem m\u00e1scara. A atitude de Pazuello gerou desconforto na alta c\u00fapula do Ex\u00e9rcito. Como consequ\u00eancia, o Comandante-geral do Ex\u00e9rcito, Paulo S\u00e9rgio Nogueira, deve enviar o general e ex-ministro da Sa\u00fade Eduardo Pazuello para a reserva.&nbsp;<\/p>\n\n\n\n<p>O comportamento de Pazuello tamb\u00e9m deixa ainda mais complicada a situa\u00e7\u00e3o dele perante os senadores da CPI da Covid. O ex-ministro da Sa\u00fade deve ser novamente convocado para prestar explica\u00e7\u00f5es na comiss\u00e3o. A participa\u00e7\u00e3o de Pazuello no protesto com Bolsonaro confirmou que ele obedece sim ao presidente. E, tamb\u00e9m ao contr\u00e1rio do que disse \u00e0 CPI da Covid, ele n\u00e3o \u00e9 a favor das m\u00e1scaras e do distanciamento social.<\/p>\n\n\n\n<p>A manifesta\u00e7\u00e3o comandada por Jair Bolsonaro, no Rio de Janeiro, defendeu a destitui\u00e7\u00e3o de ministros do Supremo Tribunal Federal (STF) e a interven\u00e7\u00e3o militar. Durante o protesto, bolsonaristas ainda agrediram o rep\u00f3rter Pedro Duran, da CNN Brasil, que cobria o evento pol\u00edtico.<\/p>\n\n\n\n<figure class=\"wp-block-image size-large\"><img loading=\"lazy\" decoding=\"async\" width=\"984\" height=\"607\" src=\"https:\/\/blogdorogeriogomes.com.br\/wp-content\/uploads\/2021\/05\/bolsonaro-pazuello-motociata.jpg\" alt=\"\" class=\"wp-image-21348\" srcset=\"https:\/\/blogdorogeriogomes.com.br\/noticias\/wp-content\/uploads\/2021\/05\/bolsonaro-pazuello-motociata.jpg 984w, https:\/\/blogdorogeriogomes.com.br\/noticias\/wp-content\/uploads\/2021\/05\/bolsonaro-pazuello-motociata-300x185.jpg 300w, https:\/\/blogdorogeriogomes.com.br\/noticias\/wp-content\/uploads\/2021\/05\/bolsonaro-pazuello-motociata-768x474.jpg 768w, https:\/\/blogdorogeriogomes.com.br\/noticias\/wp-content\/uploads\/2021\/05\/bolsonaro-pazuello-motociata-800x493.jpg 800w\" sizes=\"auto, (max-width: 984px) 100vw, 984px\" \/><\/figure>\n","protected":false},"excerpt":{"rendered":"<p>O presidente Jair Bolsonaro promoveu nova aglomera\u00e7\u00e3o ao participar de um ato com motociclistas no Rio de Janeiro, neste domingo, dia 23 de maio. O ex-ministro Eduardo Pazuello esteve em um caminh\u00e3o de som ao lado do presidente, ambos sem m\u00e1scara. A atitude de Pazuello gerou desconforto na alta c\u00fapula do Ex\u00e9rcito. Como consequ\u00eancia, o Comandante-geral do Ex\u00e9rcito, Paulo S\u00e9rgio Nogueira, deve enviar o general e ex-ministro da Sa\u00fade Eduardo Pazuello para a reserva.&nbsp; O comportamento de Pazuello tamb\u00e9m&hellip;<\/p>\n","protected":false},"author":1,"featured_media":21348,"comment_status":"open","ping_status":"open","sticky":false,"template":"","format":"standard","meta":{"footnotes":""},"categories":[1],"tags":[],"class_list":["post-21347","post","type-post","status-publish","format-standard","has-post-thumbnail","hentry","category-noticias"],"_links":{"self":[{"href":"https:\/\/blogdorogeriogomes.com.br\/noticias\/wp-json\/wp\/v2\/posts\/21347","targetHints":{"allow":["GET"]}}],"collection":[{"href":"https:\/\/blogdorogeriogomes.com.br\/noticias\/wp-json\/wp\/v2\/posts"}],"about":[{"href":"https:\/\/blogdorogeriogomes.com.br\/noticias\/wp-json\/wp\/v2\/types\/post"}],"author":[{"embeddable":true,"href":"https:\/\/blogdorogeriogomes.com.br\/noticias\/wp-json\/wp\/v2\/users\/1"}],"replies":[{"embeddable":true,"href":"https:\/\/blogdorogeriogomes.com.br\/noticias\/wp-json\/wp\/v2\/comments?post=21347"}],"version-history":[{"count":2,"href":"https:\/\/blogdorogeriogomes.com.br\/noticias\/wp-json\/wp\/v2\/posts\/21347\/revisions"}],"predecessor-version":[{"id":21350,"href":"https:\/\/blogdorogeriogomes.com.br\/noticias\/wp-json\/wp\/v2\/posts\/21347\/revisions\/21350"}],"wp:featuredmedia":[{"embeddable":true,"href":"https:\/\/blogdorogeriogomes.com.br\/noticias\/wp-json\/wp\/v2\/media\/21348"}],"wp:attachment":[{"href":"https:\/\/blogdorogeriogomes.com.br\/noticias\/wp-json\/wp\/v2\/media?parent=21347"}],"wp:term":[{"taxonomy":"category","embeddable":true,"href":"https:\/\/blogdorogeriogomes.com.br\/noticias\/wp-json\/wp\/v2\/categories?post=21347"},{"taxonomy":"post_tag","embeddable":true,"href":"https:\/\/blogdorogeriogomes.com.br\/noticias\/wp-json\/wp\/v2\/tags?post=21347"}],"curies":[{"name":"wp","href":"https:\/\/api.w.org\/{rel}","templated":true}]}}