{"id":21359,"date":"2021-05-24T22:57:37","date_gmt":"2021-05-24T22:57:37","guid":{"rendered":"https:\/\/blogdorogeriogomes.com.br\/?p=21359"},"modified":"2021-05-25T11:13:16","modified_gmt":"2021-05-25T11:13:16","slug":"cpi-da-covid-mayra-pinheiro-presta-depoimento-nesta-terca-feira","status":"publish","type":"post","link":"https:\/\/blogdorogeriogomes.com.br\/noticias\/2021\/05\/cpi-da-covid-mayra-pinheiro-presta-depoimento-nesta-terca-feira\/","title":{"rendered":"CPI da Covid: Mayra Pinheiro presta depoimento nesta ter\u00e7a-feira"},"content":{"rendered":"\n<p>A secret\u00e1ria da Gest\u00e3o do Trabalho e da Educa\u00e7\u00e3o na Sa\u00fade do Minist\u00e9rio da Sa\u00fade, a m\u00e9dica cearense Mayra Pinheiro, ser\u00e1 a testemunha ouvida na CPI da Covid-19, nesta ter\u00e7a-feira, dia 25 de maio. Ela poder\u00e1 ficar em sil\u00eancio sempre que for questionada sobre fatos ocorridos entre dezembro de 2020 e janeiro de 2021, quando a crise de oxig\u00eanio no Amazonas explodiu, conforme decidiu o ministro Ricardo Lewandowski, do Supremo Tribunal Federal (STF), para que a secret\u00e1ria n\u00e3o se auto incrimine na Comiss\u00e3o Parlamentar de Inqu\u00e9rito.<br>Os integrantes da comiss\u00e3o pretendem question\u00e1-la sobre a distribui\u00e7\u00e3o de rem\u00e9dios do chamado \u201ckit Covid\u201d e a cria\u00e7\u00e3o do aplicativo \u201cTrateCov\u201d.<br>Mayra tamb\u00e9m responde a uma a\u00e7\u00e3o de improbidade administrativa, apresentada pelo Minist\u00e9rio P\u00fablico Federal do Amazonas, que apura a responsabilidade e as omiss\u00f5es do poder p\u00fablico no colapso do sistema de sa\u00fade amazonense.<br>Ap\u00f3s ouvir a secret\u00e1ria, a comiss\u00e3o parlamentar de inqu\u00e9rito se reunir\u00e1 para vota\u00e7\u00e3o de requerimentos na quarta-feira, dia 26 de maio, quando deve definir quem vai depor na quinta, dia 27. O ex-ministro da Sa\u00fade, Eduardo Pazuello, deve ser chamado novamente para prestar depoimento na CPI da Covid.<\/p>\n\n\n\n<figure class=\"wp-block-image size-large\"><img loading=\"lazy\" decoding=\"async\" width=\"699\" height=\"439\" src=\"https:\/\/blogdorogeriogomes.com.br\/wp-content\/uploads\/2021\/05\/IMG-20210524-WA0118.jpg\" alt=\"\" class=\"wp-image-21360\" srcset=\"https:\/\/blogdorogeriogomes.com.br\/noticias\/wp-content\/uploads\/2021\/05\/IMG-20210524-WA0118.jpg 699w, https:\/\/blogdorogeriogomes.com.br\/noticias\/wp-content\/uploads\/2021\/05\/IMG-20210524-WA0118-300x188.jpg 300w, https:\/\/blogdorogeriogomes.com.br\/noticias\/wp-content\/uploads\/2021\/05\/IMG-20210524-WA0118-320x202.jpg 320w\" sizes=\"auto, (max-width: 699px) 100vw, 699px\" \/><\/figure>\n","protected":false},"excerpt":{"rendered":"<p>A secret\u00e1ria da Gest\u00e3o do Trabalho e da Educa\u00e7\u00e3o na Sa\u00fade do Minist\u00e9rio da Sa\u00fade, a m\u00e9dica cearense Mayra Pinheiro, ser\u00e1 a testemunha ouvida na CPI da Covid-19, nesta ter\u00e7a-feira, dia 25 de maio. Ela poder\u00e1 ficar em sil\u00eancio sempre que for questionada sobre fatos ocorridos entre dezembro de 2020 e janeiro de 2021, quando a crise de oxig\u00eanio no Amazonas explodiu, conforme decidiu o ministro Ricardo Lewandowski, do Supremo Tribunal Federal (STF), para que a secret\u00e1ria n\u00e3o se&hellip;<\/p>\n","protected":false},"author":1,"featured_media":21360,"comment_status":"open","ping_status":"open","sticky":false,"template":"","format":"standard","meta":{"footnotes":""},"categories":[1],"tags":[],"class_list":["post-21359","post","type-post","status-publish","format-standard","has-post-thumbnail","hentry","category-noticias"],"_links":{"self":[{"href":"https:\/\/blogdorogeriogomes.com.br\/noticias\/wp-json\/wp\/v2\/posts\/21359","targetHints":{"allow":["GET"]}}],"collection":[{"href":"https:\/\/blogdorogeriogomes.com.br\/noticias\/wp-json\/wp\/v2\/posts"}],"about":[{"href":"https:\/\/blogdorogeriogomes.com.br\/noticias\/wp-json\/wp\/v2\/types\/post"}],"author":[{"embeddable":true,"href":"https:\/\/blogdorogeriogomes.com.br\/noticias\/wp-json\/wp\/v2\/users\/1"}],"replies":[{"embeddable":true,"href":"https:\/\/blogdorogeriogomes.com.br\/noticias\/wp-json\/wp\/v2\/comments?post=21359"}],"version-history":[{"count":1,"href":"https:\/\/blogdorogeriogomes.com.br\/noticias\/wp-json\/wp\/v2\/posts\/21359\/revisions"}],"predecessor-version":[{"id":21361,"href":"https:\/\/blogdorogeriogomes.com.br\/noticias\/wp-json\/wp\/v2\/posts\/21359\/revisions\/21361"}],"wp:featuredmedia":[{"embeddable":true,"href":"https:\/\/blogdorogeriogomes.com.br\/noticias\/wp-json\/wp\/v2\/media\/21360"}],"wp:attachment":[{"href":"https:\/\/blogdorogeriogomes.com.br\/noticias\/wp-json\/wp\/v2\/media?parent=21359"}],"wp:term":[{"taxonomy":"category","embeddable":true,"href":"https:\/\/blogdorogeriogomes.com.br\/noticias\/wp-json\/wp\/v2\/categories?post=21359"},{"taxonomy":"post_tag","embeddable":true,"href":"https:\/\/blogdorogeriogomes.com.br\/noticias\/wp-json\/wp\/v2\/tags?post=21359"}],"curies":[{"name":"wp","href":"https:\/\/api.w.org\/{rel}","templated":true}]}}