{"id":21362,"date":"2021-05-25T10:18:43","date_gmt":"2021-05-25T10:18:43","guid":{"rendered":"https:\/\/blogdorogeriogomes.com.br\/?p=21362"},"modified":"2021-05-25T11:13:05","modified_gmt":"2021-05-25T11:13:05","slug":"governo-do-ceara-pede-a-anac-e-anvisa-mais-controle-sanitario-no-aeroporto-de-fortaleza-por-causa-da-variante-da-india","status":"publish","type":"post","link":"https:\/\/blogdorogeriogomes.com.br\/noticias\/2021\/05\/governo-do-ceara-pede-a-anac-e-anvisa-mais-controle-sanitario-no-aeroporto-de-fortaleza-por-causa-da-variante-da-india\/","title":{"rendered":"Governo do Cear\u00e1 pede a Anac e Anvisa mais controle sanit\u00e1rio no Aeroporto de Fortaleza por causa da variante da \u00cdndia"},"content":{"rendered":"\n<p>O Governo do Cear\u00e1 solicitou a Ag\u00eancia Nacional de Avia\u00e7\u00e3o Civil (Anac) e a Ag\u00eancia de Vigil\u00e2ncia Sanit\u00e1ria (Anvisa) a tomada de medidas para controle sanit\u00e1rio no Aeroporto Internacional de Fortaleza.&nbsp;A preocupa\u00e7\u00e3o \u00e9 com a variante indiana que j\u00e1 v\u00eam mostrando casos de Covid-19 no Pa\u00eds. Os aeroportos s\u00e3o porta de entrada para a nova variante. Em Fortaleza, a&nbsp;Secretaria da Sa\u00fade do Cear\u00e1 (Sesa) monitora um caso suspeito de um homem de 35 anos vindo da \u00cdndia.<\/p>\n\n\n\n<p>&#8220;O Governo do Estado oferecer\u00e1 toda estrutura de apoio necess\u00e1ria, durante o tempo que for preciso, para que esse controle sanit\u00e1rio seja realizado da forma mais eficiente poss\u00edvel. N\u00e3o temos medido esfor\u00e7os para evitar a propaga\u00e7\u00e3o do v\u00edrus em nosso estado&#8221;, disse o governador Camilo Santana.&nbsp;<\/p>\n\n\n\n<figure class=\"wp-block-image size-large\"><img loading=\"lazy\" decoding=\"async\" width=\"700\" height=\"438\" src=\"https:\/\/blogdorogeriogomes.com.br\/wp-content\/uploads\/2021\/05\/images-2021-05-25T071238.813.jpeg\" alt=\"\" class=\"wp-image-21363\" srcset=\"https:\/\/blogdorogeriogomes.com.br\/noticias\/wp-content\/uploads\/2021\/05\/images-2021-05-25T071238.813.jpeg 700w, https:\/\/blogdorogeriogomes.com.br\/noticias\/wp-content\/uploads\/2021\/05\/images-2021-05-25T071238.813-300x188.jpeg 300w\" sizes=\"auto, (max-width: 700px) 100vw, 700px\" \/><\/figure>\n","protected":false},"excerpt":{"rendered":"<p>O Governo do Cear\u00e1 solicitou a Ag\u00eancia Nacional de Avia\u00e7\u00e3o Civil (Anac) e a Ag\u00eancia de Vigil\u00e2ncia Sanit\u00e1ria (Anvisa) a tomada de medidas para controle sanit\u00e1rio no Aeroporto Internacional de Fortaleza.&nbsp;A preocupa\u00e7\u00e3o \u00e9 com a variante indiana que j\u00e1 v\u00eam mostrando casos de Covid-19 no Pa\u00eds. Os aeroportos s\u00e3o porta de entrada para a nova variante. Em Fortaleza, a&nbsp;Secretaria da Sa\u00fade do Cear\u00e1 (Sesa) monitora um caso suspeito de um homem de 35 anos vindo da \u00cdndia. &#8220;O Governo&hellip;<\/p>\n","protected":false},"author":1,"featured_media":21363,"comment_status":"open","ping_status":"open","sticky":false,"template":"","format":"standard","meta":{"footnotes":""},"categories":[1],"tags":[],"class_list":["post-21362","post","type-post","status-publish","format-standard","has-post-thumbnail","hentry","category-noticias"],"_links":{"self":[{"href":"https:\/\/blogdorogeriogomes.com.br\/noticias\/wp-json\/wp\/v2\/posts\/21362","targetHints":{"allow":["GET"]}}],"collection":[{"href":"https:\/\/blogdorogeriogomes.com.br\/noticias\/wp-json\/wp\/v2\/posts"}],"about":[{"href":"https:\/\/blogdorogeriogomes.com.br\/noticias\/wp-json\/wp\/v2\/types\/post"}],"author":[{"embeddable":true,"href":"https:\/\/blogdorogeriogomes.com.br\/noticias\/wp-json\/wp\/v2\/users\/1"}],"replies":[{"embeddable":true,"href":"https:\/\/blogdorogeriogomes.com.br\/noticias\/wp-json\/wp\/v2\/comments?post=21362"}],"version-history":[{"count":2,"href":"https:\/\/blogdorogeriogomes.com.br\/noticias\/wp-json\/wp\/v2\/posts\/21362\/revisions"}],"predecessor-version":[{"id":21368,"href":"https:\/\/blogdorogeriogomes.com.br\/noticias\/wp-json\/wp\/v2\/posts\/21362\/revisions\/21368"}],"wp:featuredmedia":[{"embeddable":true,"href":"https:\/\/blogdorogeriogomes.com.br\/noticias\/wp-json\/wp\/v2\/media\/21363"}],"wp:attachment":[{"href":"https:\/\/blogdorogeriogomes.com.br\/noticias\/wp-json\/wp\/v2\/media?parent=21362"}],"wp:term":[{"taxonomy":"category","embeddable":true,"href":"https:\/\/blogdorogeriogomes.com.br\/noticias\/wp-json\/wp\/v2\/categories?post=21362"},{"taxonomy":"post_tag","embeddable":true,"href":"https:\/\/blogdorogeriogomes.com.br\/noticias\/wp-json\/wp\/v2\/tags?post=21362"}],"curies":[{"name":"wp","href":"https:\/\/api.w.org\/{rel}","templated":true}]}}