{"id":21369,"date":"2021-05-25T19:25:53","date_gmt":"2021-05-25T19:25:53","guid":{"rendered":"https:\/\/blogdorogeriogomes.com.br\/?p=21369"},"modified":"2021-05-26T10:25:45","modified_gmt":"2021-05-26T10:25:45","slug":"secretaria-da-saude-do-ceara-anuncia-cadastro-de-imunizacao-para-profissionais-da-educacao-em-fortaleza","status":"publish","type":"post","link":"https:\/\/blogdorogeriogomes.com.br\/noticias\/2021\/05\/secretaria-da-saude-do-ceara-anuncia-cadastro-de-imunizacao-para-profissionais-da-educacao-em-fortaleza\/","title":{"rendered":"Secretaria da Sa\u00fade do Cear\u00e1 anuncia cadastro de imuniza\u00e7\u00e3o para profissionais da educa\u00e7\u00e3o em Fortaleza"},"content":{"rendered":"\n<p>A Secretaria da Sa\u00fade do Cear\u00e1 (Sesa) orientou, nesta ter\u00e7a-feira, dia 25 de maio, que os trabalhadores da educa\u00e7\u00e3o de Fortaleza devem realizar o cadastro na plataforma Sa\u00fade Digital (https:\/\/vacinacaocovid.saude.ce.gov.br\/) para serem contemplados na quarta fase do plano de imuniza\u00e7\u00e3o contra a Covid-19. A meta \u00e9 vacinar 78.650 professores na Capital.<\/p>\n\n\n\n<p>A quarta etapa da vacina\u00e7\u00e3o come\u00e7ou na \u00faltima segunda-feira, contemplando as pessoas em situa\u00e7\u00e3o de rua. Tamb\u00e9m integram o grupo priorit\u00e1rio os funcion\u00e1rios do Sistema de Priva\u00e7\u00e3o de Liberdade e pessoas privadas de liberdade.<\/p>\n\n\n\n<p>Apesar do cadastro, ainda n\u00e3o h\u00e1 uma data definida para o in\u00edcio da vacina\u00e7\u00e3o dos profissionais de ensino, assunto que ser\u00e1 deliberado em reuni\u00e3o entre gestores da sa\u00fade no Estado na pr\u00f3xima sexta-feira.<\/p>\n\n\n\n<p>O governador Camilo Santana anunciou que o Cear\u00e1 receber\u00e1, ainda nesta semana, mais 256.070 doses de vacinas contra a Covid-19 &#8211; 24.570 da Pfizer e 231.500 da AstraZeneca. Os n\u00fameros foram repassados pelo Minist\u00e9rio da Sa\u00fade em relat\u00f3rio.<\/p>\n\n\n\n<p>Nos pr\u00f3ximos dias, quarta e quinta-feira, a Prefeitura de Fortaleza realiza repescagem de pessoas da 3\u00aa fase (comorbidades) que n\u00e3o compareceram \u00e0 vacina\u00e7\u00e3o.<\/p>\n\n\n\n<figure class=\"wp-block-image size-large\"><img loading=\"lazy\" decoding=\"async\" width=\"696\" height=\"390\" src=\"https:\/\/blogdorogeriogomes.com.br\/wp-content\/uploads\/2021\/05\/images-2021-05-25T162141.447.jpeg\" alt=\"\" class=\"wp-image-21370\" srcset=\"https:\/\/blogdorogeriogomes.com.br\/noticias\/wp-content\/uploads\/2021\/05\/images-2021-05-25T162141.447.jpeg 696w, https:\/\/blogdorogeriogomes.com.br\/noticias\/wp-content\/uploads\/2021\/05\/images-2021-05-25T162141.447-300x168.jpeg 300w\" sizes=\"auto, (max-width: 696px) 100vw, 696px\" \/><\/figure>\n","protected":false},"excerpt":{"rendered":"<p>A Secretaria da Sa\u00fade do Cear\u00e1 (Sesa) orientou, nesta ter\u00e7a-feira, dia 25 de maio, que os trabalhadores da educa\u00e7\u00e3o de Fortaleza devem realizar o cadastro na plataforma Sa\u00fade Digital (https:\/\/vacinacaocovid.saude.ce.gov.br\/) para serem contemplados na quarta fase do plano de imuniza\u00e7\u00e3o contra a Covid-19. A meta \u00e9 vacinar 78.650 professores na Capital. A quarta etapa da vacina\u00e7\u00e3o come\u00e7ou na \u00faltima segunda-feira, contemplando as pessoas em situa\u00e7\u00e3o de rua. Tamb\u00e9m integram o grupo priorit\u00e1rio os funcion\u00e1rios do Sistema de Priva\u00e7\u00e3o de&hellip;<\/p>\n","protected":false},"author":1,"featured_media":21370,"comment_status":"open","ping_status":"open","sticky":false,"template":"","format":"standard","meta":{"footnotes":""},"categories":[1],"tags":[],"class_list":["post-21369","post","type-post","status-publish","format-standard","has-post-thumbnail","hentry","category-noticias"],"_links":{"self":[{"href":"https:\/\/blogdorogeriogomes.com.br\/noticias\/wp-json\/wp\/v2\/posts\/21369","targetHints":{"allow":["GET"]}}],"collection":[{"href":"https:\/\/blogdorogeriogomes.com.br\/noticias\/wp-json\/wp\/v2\/posts"}],"about":[{"href":"https:\/\/blogdorogeriogomes.com.br\/noticias\/wp-json\/wp\/v2\/types\/post"}],"author":[{"embeddable":true,"href":"https:\/\/blogdorogeriogomes.com.br\/noticias\/wp-json\/wp\/v2\/users\/1"}],"replies":[{"embeddable":true,"href":"https:\/\/blogdorogeriogomes.com.br\/noticias\/wp-json\/wp\/v2\/comments?post=21369"}],"version-history":[{"count":1,"href":"https:\/\/blogdorogeriogomes.com.br\/noticias\/wp-json\/wp\/v2\/posts\/21369\/revisions"}],"predecessor-version":[{"id":21371,"href":"https:\/\/blogdorogeriogomes.com.br\/noticias\/wp-json\/wp\/v2\/posts\/21369\/revisions\/21371"}],"wp:featuredmedia":[{"embeddable":true,"href":"https:\/\/blogdorogeriogomes.com.br\/noticias\/wp-json\/wp\/v2\/media\/21370"}],"wp:attachment":[{"href":"https:\/\/blogdorogeriogomes.com.br\/noticias\/wp-json\/wp\/v2\/media?parent=21369"}],"wp:term":[{"taxonomy":"category","embeddable":true,"href":"https:\/\/blogdorogeriogomes.com.br\/noticias\/wp-json\/wp\/v2\/categories?post=21369"},{"taxonomy":"post_tag","embeddable":true,"href":"https:\/\/blogdorogeriogomes.com.br\/noticias\/wp-json\/wp\/v2\/tags?post=21369"}],"curies":[{"name":"wp","href":"https:\/\/api.w.org\/{rel}","templated":true}]}}