{"id":21372,"date":"2021-05-25T20:54:39","date_gmt":"2021-05-25T20:54:39","guid":{"rendered":"https:\/\/blogdorogeriogomes.com.br\/?p=21372"},"modified":"2021-05-26T10:25:29","modified_gmt":"2021-05-26T10:25:29","slug":"mayra-pinheiro-reafirma-defesa-de-cloroquina-e-diz-que-ministerio-da-saude-orientou-tratamento-precoce","status":"publish","type":"post","link":"https:\/\/blogdorogeriogomes.com.br\/noticias\/2021\/05\/mayra-pinheiro-reafirma-defesa-de-cloroquina-e-diz-que-ministerio-da-saude-orientou-tratamento-precoce\/","title":{"rendered":"Mayra Pinheiro reafirma defesa de cloroquina e diz que Minist\u00e9rio da Sa\u00fade orientou tratamento precoce"},"content":{"rendered":"\n<p>A secret\u00e1ria de Rela\u00e7\u00f5es do Trabalho do Minist\u00e9rio da Sa\u00fade, Mayra Pinheiro, prestou depoimento nesta ter\u00e7a-feira, dia 25 de maio, para a CPI da Covid, no Senado Federal. Defensora e disseminadora do uso da cloroquina no combate ao coronav\u00edrus, a m\u00e9dica cearense sustentou a defesa do medicamento diante dos parlamentares, mesmo sem comprova\u00e7\u00e3o cient\u00edfica da efic\u00e1cia dos insumos. Mayra afirmou ainda que o Minist\u00e9rio da Sa\u00fade orientou o uso de tratamento precoce contra Covid-19 para m\u00e9dicos de todo o pa\u00eds.<\/p>\n\n\n\n<p>A inefic\u00e1cia do tratamento precoce e da cloroquina \u00e9 apontada pela Organiza\u00e7\u00e3o Mundial da Sa\u00fade. Mayra Pinheiro disse que a ag\u00eancia internacional seguiu &#8220;estudos com protocolos falhos&#8221; para contraindicar o uso da cloroquina nos casos de Covid-19. &#8220;O Brasil n\u00e3o \u00e9 obrigado a seguir a OMS&#8221;, respondeu aos senadores.<\/p>\n\n\n\n<p>Ao falar do colapso em Manaus, a m\u00e9dica contradisse o depoimento do ex-ministro da Sa\u00fade, Eduardo Pazuello. Enquanto Pazuello defendeu na CPI que havia sido informado sobre a falta de oxig\u00eanio na cidade apenas no dia 10 de janeiro, Mayra alegou que o minist\u00e9rio foi avisado dois dias antes, em 8 de janeiro. Al\u00e9m disso, Mayra negou que o aplicativo TrateCov &#8211; que indicava tratamento precoce a pacientes com sintomas &#8211; tenha sido hackeado, conforme Pazuello relatou. Mayra negou que o governo tenha responsabilidade pelo ocorrido em Manaus, e culpou o v\u00edrus pela situa\u00e7\u00e3o.<\/p>\n\n\n\n<p>As afirma\u00e7\u00f5es e defesas de Mayra Pinheiro revoltaram parte dos senadores da CPI. O relator da comiss\u00e3o, Renan Calheiros (MDB), acusou contradi\u00e7\u00f5es e informa\u00e7\u00f5es falsas no discurso da secret\u00e1ria, destacando que ela n\u00e3o levou ao Senado nenhum estudo, pesquisa ou publica\u00e7\u00e3o feitos na \u00e1rea de infectologia que tratam do tratamento precoce.<\/p>\n\n\n\n<p>M\u00e9dico, o senador Otto Alencar (PSD) repreendeu a colega de categoria, definindo como &#8220;absurdo&#8221; o uso de medica\u00e7\u00e3o que n\u00e3o tem efeitos antivirais. &#8220;Minha discord\u00e2ncia n\u00e3o \u00e9 pol\u00edtica, mas sim cient\u00edfica. N\u00e3o h\u00e1 antiviral at\u00e9 agora que possa controlar a doen\u00e7a&#8221;. Otto perguntou \u00e0 m\u00e9dica pediatra, que tamb\u00e9m foi lembrada de n\u00e3o ter nenhuma especialidade em infectologia, se a vacina era ou n\u00e3o a \u00fanica forma realmente eficiente para evitar as doen\u00e7as. Ela afirmou que sim.<\/p>\n\n\n\n<figure class=\"wp-block-image size-large\"><img loading=\"lazy\" decoding=\"async\" width=\"678\" height=\"452\" src=\"https:\/\/blogdorogeriogomes.com.br\/wp-content\/uploads\/2021\/05\/images-2021-05-25T175101.307.jpeg\" alt=\"\" class=\"wp-image-21373\" srcset=\"https:\/\/blogdorogeriogomes.com.br\/noticias\/wp-content\/uploads\/2021\/05\/images-2021-05-25T175101.307.jpeg 678w, https:\/\/blogdorogeriogomes.com.br\/noticias\/wp-content\/uploads\/2021\/05\/images-2021-05-25T175101.307-300x200.jpeg 300w\" sizes=\"auto, (max-width: 678px) 100vw, 678px\" \/><\/figure>\n","protected":false},"excerpt":{"rendered":"<p>A secret\u00e1ria de Rela\u00e7\u00f5es do Trabalho do Minist\u00e9rio da Sa\u00fade, Mayra Pinheiro, prestou depoimento nesta ter\u00e7a-feira, dia 25 de maio, para a CPI da Covid, no Senado Federal. Defensora e disseminadora do uso da cloroquina no combate ao coronav\u00edrus, a m\u00e9dica cearense sustentou a defesa do medicamento diante dos parlamentares, mesmo sem comprova\u00e7\u00e3o cient\u00edfica da efic\u00e1cia dos insumos. Mayra afirmou ainda que o Minist\u00e9rio da Sa\u00fade orientou o uso de tratamento precoce contra Covid-19 para m\u00e9dicos de todo o&hellip;<\/p>\n","protected":false},"author":1,"featured_media":21373,"comment_status":"open","ping_status":"open","sticky":false,"template":"","format":"standard","meta":{"footnotes":""},"categories":[1],"tags":[],"class_list":["post-21372","post","type-post","status-publish","format-standard","has-post-thumbnail","hentry","category-noticias"],"_links":{"self":[{"href":"https:\/\/blogdorogeriogomes.com.br\/noticias\/wp-json\/wp\/v2\/posts\/21372","targetHints":{"allow":["GET"]}}],"collection":[{"href":"https:\/\/blogdorogeriogomes.com.br\/noticias\/wp-json\/wp\/v2\/posts"}],"about":[{"href":"https:\/\/blogdorogeriogomes.com.br\/noticias\/wp-json\/wp\/v2\/types\/post"}],"author":[{"embeddable":true,"href":"https:\/\/blogdorogeriogomes.com.br\/noticias\/wp-json\/wp\/v2\/users\/1"}],"replies":[{"embeddable":true,"href":"https:\/\/blogdorogeriogomes.com.br\/noticias\/wp-json\/wp\/v2\/comments?post=21372"}],"version-history":[{"count":1,"href":"https:\/\/blogdorogeriogomes.com.br\/noticias\/wp-json\/wp\/v2\/posts\/21372\/revisions"}],"predecessor-version":[{"id":21374,"href":"https:\/\/blogdorogeriogomes.com.br\/noticias\/wp-json\/wp\/v2\/posts\/21372\/revisions\/21374"}],"wp:featuredmedia":[{"embeddable":true,"href":"https:\/\/blogdorogeriogomes.com.br\/noticias\/wp-json\/wp\/v2\/media\/21373"}],"wp:attachment":[{"href":"https:\/\/blogdorogeriogomes.com.br\/noticias\/wp-json\/wp\/v2\/media?parent=21372"}],"wp:term":[{"taxonomy":"category","embeddable":true,"href":"https:\/\/blogdorogeriogomes.com.br\/noticias\/wp-json\/wp\/v2\/categories?post=21372"},{"taxonomy":"post_tag","embeddable":true,"href":"https:\/\/blogdorogeriogomes.com.br\/noticias\/wp-json\/wp\/v2\/tags?post=21372"}],"curies":[{"name":"wp","href":"https:\/\/api.w.org\/{rel}","templated":true}]}}