{"id":21375,"date":"2021-05-25T22:50:00","date_gmt":"2021-05-25T22:50:00","guid":{"rendered":"https:\/\/blogdorogeriogomes.com.br\/?p=21375"},"modified":"2021-05-26T10:25:19","modified_gmt":"2021-05-26T10:25:19","slug":"fortaleza-fara-repescagem-para-vacinar-pessoas-com-comorbidades-nesta-quarta-e-quinta","status":"publish","type":"post","link":"https:\/\/blogdorogeriogomes.com.br\/noticias\/2021\/05\/fortaleza-fara-repescagem-para-vacinar-pessoas-com-comorbidades-nesta-quarta-e-quinta\/","title":{"rendered":"Fortaleza far\u00e1 repescagem para vacinar pessoas com comorbidades nesta quarta e quinta"},"content":{"rendered":"\n<p>Fortaleza ter\u00e1 repescagem para vacina\u00e7\u00e3o de pessoas com comorbidades na quarta e quinta, dias 26 e 27 de maio, respectivamente. A a\u00e7\u00e3o \u00e9 voltada a imuniza\u00e7\u00e3o do p\u00fablico-alvo da 3\u00aa fase da campanha de vacina\u00e7\u00e3o contra a Covid-19 que faltou ao agendamento para receber o imunizante por algum motivo. De acordo com o prefeito Jos\u00e9 Sarto, ser\u00e1 utilizada a vacina Oxford\/AstraZeneca.<br>Nesta quarta, 26, ser\u00e3o beneficiadas pessoas entre 50 e 59 anos, que foram agendadas e n\u00e3o puderam se vacinar. E na quinta, 27, poder\u00e3o comparecer pessoas com comorbidades na faixa de 18 a 49 anos, que tamb\u00e9m estavam agendadas. O atendimento come\u00e7a \u00e0s 9h e segue at\u00e9 17 horas em qualquer um dos locais de vacina\u00e7\u00e3o.<br>O atendimento da 3\u00aa fase ser\u00e1 retomado, por agendamento, na sexta-feira, 28.<br>Em Fortaleza, 557.866 pessoas receberam a primeira dose das vacinas dispon\u00edveis contra a Covid-19, dentre as quais, 318.748 foram contempladas com a segunda dose, segundo o balan\u00e7o divulgado pela secret\u00e1ria adjunta da Sa\u00fade, Aline Gouveia.<\/p>\n\n\n\n<figure class=\"wp-block-image size-large\"><img loading=\"lazy\" decoding=\"async\" width=\"683\" height=\"449\" src=\"https:\/\/blogdorogeriogomes.com.br\/wp-content\/uploads\/2021\/05\/IMG-20210525-WA0143.jpg\" alt=\"\" class=\"wp-image-21376\" srcset=\"https:\/\/blogdorogeriogomes.com.br\/noticias\/wp-content\/uploads\/2021\/05\/IMG-20210525-WA0143.jpg 683w, https:\/\/blogdorogeriogomes.com.br\/noticias\/wp-content\/uploads\/2021\/05\/IMG-20210525-WA0143-300x197.jpg 300w\" sizes=\"auto, (max-width: 683px) 100vw, 683px\" \/><\/figure>\n","protected":false},"excerpt":{"rendered":"<p>Fortaleza ter\u00e1 repescagem para vacina\u00e7\u00e3o de pessoas com comorbidades na quarta e quinta, dias 26 e 27 de maio, respectivamente. A a\u00e7\u00e3o \u00e9 voltada a imuniza\u00e7\u00e3o do p\u00fablico-alvo da 3\u00aa fase da campanha de vacina\u00e7\u00e3o contra a Covid-19 que faltou ao agendamento para receber o imunizante por algum motivo. De acordo com o prefeito Jos\u00e9 Sarto, ser\u00e1 utilizada a vacina Oxford\/AstraZeneca.Nesta quarta, 26, ser\u00e3o beneficiadas pessoas entre 50 e 59 anos, que foram agendadas e n\u00e3o puderam se vacinar.&hellip;<\/p>\n","protected":false},"author":1,"featured_media":21376,"comment_status":"open","ping_status":"open","sticky":false,"template":"","format":"standard","meta":{"footnotes":""},"categories":[1],"tags":[],"class_list":["post-21375","post","type-post","status-publish","format-standard","has-post-thumbnail","hentry","category-noticias"],"_links":{"self":[{"href":"https:\/\/blogdorogeriogomes.com.br\/noticias\/wp-json\/wp\/v2\/posts\/21375","targetHints":{"allow":["GET"]}}],"collection":[{"href":"https:\/\/blogdorogeriogomes.com.br\/noticias\/wp-json\/wp\/v2\/posts"}],"about":[{"href":"https:\/\/blogdorogeriogomes.com.br\/noticias\/wp-json\/wp\/v2\/types\/post"}],"author":[{"embeddable":true,"href":"https:\/\/blogdorogeriogomes.com.br\/noticias\/wp-json\/wp\/v2\/users\/1"}],"replies":[{"embeddable":true,"href":"https:\/\/blogdorogeriogomes.com.br\/noticias\/wp-json\/wp\/v2\/comments?post=21375"}],"version-history":[{"count":1,"href":"https:\/\/blogdorogeriogomes.com.br\/noticias\/wp-json\/wp\/v2\/posts\/21375\/revisions"}],"predecessor-version":[{"id":21377,"href":"https:\/\/blogdorogeriogomes.com.br\/noticias\/wp-json\/wp\/v2\/posts\/21375\/revisions\/21377"}],"wp:featuredmedia":[{"embeddable":true,"href":"https:\/\/blogdorogeriogomes.com.br\/noticias\/wp-json\/wp\/v2\/media\/21376"}],"wp:attachment":[{"href":"https:\/\/blogdorogeriogomes.com.br\/noticias\/wp-json\/wp\/v2\/media?parent=21375"}],"wp:term":[{"taxonomy":"category","embeddable":true,"href":"https:\/\/blogdorogeriogomes.com.br\/noticias\/wp-json\/wp\/v2\/categories?post=21375"},{"taxonomy":"post_tag","embeddable":true,"href":"https:\/\/blogdorogeriogomes.com.br\/noticias\/wp-json\/wp\/v2\/tags?post=21375"}],"curies":[{"name":"wp","href":"https:\/\/api.w.org\/{rel}","templated":true}]}}