{"id":21391,"date":"2021-05-26T22:45:05","date_gmt":"2021-05-26T22:45:05","guid":{"rendered":"https:\/\/blogdorogeriogomes.com.br\/?p=21391"},"modified":"2021-05-28T09:48:05","modified_gmt":"2021-05-28T09:48:05","slug":"lei-de-congelamento-de-preco-da-passagem-de-onibus-em-fortaleza-ate-dezembro-e-aprovada-na-camara","status":"publish","type":"post","link":"https:\/\/blogdorogeriogomes.com.br\/noticias\/2021\/05\/lei-de-congelamento-de-preco-da-passagem-de-onibus-em-fortaleza-ate-dezembro-e-aprovada-na-camara\/","title":{"rendered":"Lei de congelamento de pre\u00e7o da passagem de \u00f4nibus em Fortaleza at\u00e9 dezembro \u00e9 aprovada na C\u00e2mara"},"content":{"rendered":"\n<p>Em sess\u00e3o extraordin\u00e1ria da C\u00e2mara Municipal de Fortaleza, nesta quarta-feira, dia 26 de maio, os vereadores aprovaram o projeto de lei que garante o congelamento do pre\u00e7o da passagem de \u00f4nibus na Capital at\u00e9 o m\u00eas de dezembro. A legisla\u00e7\u00e3o permitir\u00e1 que a Prefeitura de Fortaleza fa\u00e7a, em parceria com o Governo do Cear\u00e1, o repasse de R$ 4 milh\u00f5es em subs\u00eddios para as empresas de transporte p\u00fablico manterem o mesmo valor da tarifa.<\/p>\n\n\n\n<p>Conforme a proposta apresentada, a verba ser\u00e1 dividida igualmente entre Estado e Munic\u00edpio. A parceria para apresenta\u00e7\u00e3o do projeto de lei foi selada entre o prefeito Jos\u00e9 Sarto (PDT) e o governador Camilo Santana (PT) em reuni\u00e3o no \u00faltimo dia 11 de maio.<\/p>\n\n\n\n<p>L\u00edder do governo na Casa, o vereador Gardel Rolim (PDT) lembrou que o \u00faltimo reajuste nas tarifas do transporte p\u00fablico em Fortaleza ocorreu em janeiro de 2019, subindo de R$ 3,40 para R$ 3,60. &#8220;Esse subs\u00eddio que ser\u00e1 dado em parceria n\u00e3o \u00e9 para as empresas de \u00f4nibus, \u00e9 para o cidad\u00e3o de Fortaleza que utiliza diariamente o transporte coletivo&#8221;, argumentou.<\/p>\n\n\n\n<p>Antes de ser votado na C\u00e2mara, o projeto foi discutido e aprovado pela Assembleia Legislativa do Cear\u00e1, pois envolve diretamente investimento estadual. Foram apresentadas 19 emendas por vereadores nas comiss\u00f5es. Contudo, 18 foram rejeitadas. O fato gerou discuss\u00e3o entre base e oposi\u00e7\u00e3o. <\/p>\n\n\n\n<figure class=\"wp-block-image size-large\"><img loading=\"lazy\" decoding=\"async\" width=\"678\" height=\"452\" src=\"https:\/\/blogdorogeriogomes.com.br\/wp-content\/uploads\/2021\/05\/images-1.jpeg\" alt=\"\" class=\"wp-image-21392\" srcset=\"https:\/\/blogdorogeriogomes.com.br\/noticias\/wp-content\/uploads\/2021\/05\/images-1.jpeg 678w, https:\/\/blogdorogeriogomes.com.br\/noticias\/wp-content\/uploads\/2021\/05\/images-1-300x200.jpeg 300w\" sizes=\"auto, (max-width: 678px) 100vw, 678px\" \/><\/figure>\n","protected":false},"excerpt":{"rendered":"<p>Em sess\u00e3o extraordin\u00e1ria da C\u00e2mara Municipal de Fortaleza, nesta quarta-feira, dia 26 de maio, os vereadores aprovaram o projeto de lei que garante o congelamento do pre\u00e7o da passagem de \u00f4nibus na Capital at\u00e9 o m\u00eas de dezembro. A legisla\u00e7\u00e3o permitir\u00e1 que a Prefeitura de Fortaleza fa\u00e7a, em parceria com o Governo do Cear\u00e1, o repasse de R$ 4 milh\u00f5es em subs\u00eddios para as empresas de transporte p\u00fablico manterem o mesmo valor da tarifa. Conforme a proposta apresentada, a&hellip;<\/p>\n","protected":false},"author":1,"featured_media":21392,"comment_status":"open","ping_status":"open","sticky":false,"template":"","format":"standard","meta":{"footnotes":""},"categories":[1],"tags":[],"class_list":["post-21391","post","type-post","status-publish","format-standard","has-post-thumbnail","hentry","category-noticias"],"_links":{"self":[{"href":"https:\/\/blogdorogeriogomes.com.br\/noticias\/wp-json\/wp\/v2\/posts\/21391","targetHints":{"allow":["GET"]}}],"collection":[{"href":"https:\/\/blogdorogeriogomes.com.br\/noticias\/wp-json\/wp\/v2\/posts"}],"about":[{"href":"https:\/\/blogdorogeriogomes.com.br\/noticias\/wp-json\/wp\/v2\/types\/post"}],"author":[{"embeddable":true,"href":"https:\/\/blogdorogeriogomes.com.br\/noticias\/wp-json\/wp\/v2\/users\/1"}],"replies":[{"embeddable":true,"href":"https:\/\/blogdorogeriogomes.com.br\/noticias\/wp-json\/wp\/v2\/comments?post=21391"}],"version-history":[{"count":1,"href":"https:\/\/blogdorogeriogomes.com.br\/noticias\/wp-json\/wp\/v2\/posts\/21391\/revisions"}],"predecessor-version":[{"id":21393,"href":"https:\/\/blogdorogeriogomes.com.br\/noticias\/wp-json\/wp\/v2\/posts\/21391\/revisions\/21393"}],"wp:featuredmedia":[{"embeddable":true,"href":"https:\/\/blogdorogeriogomes.com.br\/noticias\/wp-json\/wp\/v2\/media\/21392"}],"wp:attachment":[{"href":"https:\/\/blogdorogeriogomes.com.br\/noticias\/wp-json\/wp\/v2\/media?parent=21391"}],"wp:term":[{"taxonomy":"category","embeddable":true,"href":"https:\/\/blogdorogeriogomes.com.br\/noticias\/wp-json\/wp\/v2\/categories?post=21391"},{"taxonomy":"post_tag","embeddable":true,"href":"https:\/\/blogdorogeriogomes.com.br\/noticias\/wp-json\/wp\/v2\/tags?post=21391"}],"curies":[{"name":"wp","href":"https:\/\/api.w.org\/{rel}","templated":true}]}}