{"id":21394,"date":"2021-05-27T10:18:29","date_gmt":"2021-05-27T10:18:29","guid":{"rendered":"https:\/\/blogdorogeriogomes.com.br\/?p=21394"},"modified":"2021-05-28T09:47:49","modified_gmt":"2021-05-28T09:47:49","slug":"ministro-da-saude-admite-a-possibilidade-de-uma-terceira-onda-da-covid-19-no-brasil","status":"publish","type":"post","link":"https:\/\/blogdorogeriogomes.com.br\/noticias\/2021\/05\/ministro-da-saude-admite-a-possibilidade-de-uma-terceira-onda-da-covid-19-no-brasil\/","title":{"rendered":"Ministro da Sa\u00fade admite a possibilidade de uma terceira onda da Covid-19 no Brasil"},"content":{"rendered":"\n<p>A chegada da nova variante indiana ao Brasil aumenta a preocupa\u00e7\u00e3o com uma terceira onda da Covid-19. A possibilidade j\u00e1 \u00e9 admitida pelo pr\u00f3prio ministro da Sa\u00fade, Marcelo Queiroga, que foi ouvido nesta quarta-feira, dia 26 de maio, na C\u00e2mara dos Deputados. O Minist\u00e9rio da Sa\u00fade confirma que o Brasil tem sete casos da variante indiana do novo coronav\u00edrus. S\u00e3o seis casos em S\u00e3o Luiz, no Maranh\u00e3o, e um em Campos dos Goytacazes, no Rio de Janeiro.<\/p>\n\n\n\n<p>Outros tr\u00eas casos suspeitos s\u00e3o monitorados, em Minas Gerais e no Par\u00e1 e aguardam a conclus\u00e3o de sequenciamento gen\u00e9tico. Os casos investigados no Distrito Federal e Cear\u00e1 foram descartados para a nova variante.<\/p>\n\n\n\n<p>O Cear\u00e1 superou as 20 mil mortes por Covid-19, sendo cinco mil \u00f3bitos s\u00f3 nos \u00faltimos dois meses. O Estado tem 332 pacientes a espera por um leito de UTI. Apesar da flexibiliza\u00e7\u00e3o nas regras de isolamento social, h\u00e1 uma forte preocupa\u00e7\u00e3o com o aumento nos \u00edndices de contamina\u00e7\u00e3o e a chegada de uma terceira onda da pandemia.<\/p>\n\n\n\n<figure class=\"wp-block-image size-large\"><img loading=\"lazy\" decoding=\"async\" width=\"678\" height=\"452\" src=\"https:\/\/blogdorogeriogomes.com.br\/wp-content\/uploads\/2021\/05\/images-2.jpeg\" alt=\"\" class=\"wp-image-21395\" srcset=\"https:\/\/blogdorogeriogomes.com.br\/noticias\/wp-content\/uploads\/2021\/05\/images-2.jpeg 678w, https:\/\/blogdorogeriogomes.com.br\/noticias\/wp-content\/uploads\/2021\/05\/images-2-300x200.jpeg 300w\" sizes=\"auto, (max-width: 678px) 100vw, 678px\" \/><\/figure>\n","protected":false},"excerpt":{"rendered":"<p>A chegada da nova variante indiana ao Brasil aumenta a preocupa\u00e7\u00e3o com uma terceira onda da Covid-19. A possibilidade j\u00e1 \u00e9 admitida pelo pr\u00f3prio ministro da Sa\u00fade, Marcelo Queiroga, que foi ouvido nesta quarta-feira, dia 26 de maio, na C\u00e2mara dos Deputados. O Minist\u00e9rio da Sa\u00fade confirma que o Brasil tem sete casos da variante indiana do novo coronav\u00edrus. S\u00e3o seis casos em S\u00e3o Luiz, no Maranh\u00e3o, e um em Campos dos Goytacazes, no Rio de Janeiro. Outros tr\u00eas&hellip;<\/p>\n","protected":false},"author":1,"featured_media":21395,"comment_status":"open","ping_status":"open","sticky":false,"template":"","format":"standard","meta":{"footnotes":""},"categories":[1],"tags":[],"class_list":["post-21394","post","type-post","status-publish","format-standard","has-post-thumbnail","hentry","category-noticias"],"_links":{"self":[{"href":"https:\/\/blogdorogeriogomes.com.br\/noticias\/wp-json\/wp\/v2\/posts\/21394","targetHints":{"allow":["GET"]}}],"collection":[{"href":"https:\/\/blogdorogeriogomes.com.br\/noticias\/wp-json\/wp\/v2\/posts"}],"about":[{"href":"https:\/\/blogdorogeriogomes.com.br\/noticias\/wp-json\/wp\/v2\/types\/post"}],"author":[{"embeddable":true,"href":"https:\/\/blogdorogeriogomes.com.br\/noticias\/wp-json\/wp\/v2\/users\/1"}],"replies":[{"embeddable":true,"href":"https:\/\/blogdorogeriogomes.com.br\/noticias\/wp-json\/wp\/v2\/comments?post=21394"}],"version-history":[{"count":1,"href":"https:\/\/blogdorogeriogomes.com.br\/noticias\/wp-json\/wp\/v2\/posts\/21394\/revisions"}],"predecessor-version":[{"id":21396,"href":"https:\/\/blogdorogeriogomes.com.br\/noticias\/wp-json\/wp\/v2\/posts\/21394\/revisions\/21396"}],"wp:featuredmedia":[{"embeddable":true,"href":"https:\/\/blogdorogeriogomes.com.br\/noticias\/wp-json\/wp\/v2\/media\/21395"}],"wp:attachment":[{"href":"https:\/\/blogdorogeriogomes.com.br\/noticias\/wp-json\/wp\/v2\/media?parent=21394"}],"wp:term":[{"taxonomy":"category","embeddable":true,"href":"https:\/\/blogdorogeriogomes.com.br\/noticias\/wp-json\/wp\/v2\/categories?post=21394"},{"taxonomy":"post_tag","embeddable":true,"href":"https:\/\/blogdorogeriogomes.com.br\/noticias\/wp-json\/wp\/v2\/tags?post=21394"}],"curies":[{"name":"wp","href":"https:\/\/api.w.org\/{rel}","templated":true}]}}