{"id":21406,"date":"2021-05-27T19:49:05","date_gmt":"2021-05-27T19:49:05","guid":{"rendered":"https:\/\/blogdorogeriogomes.com.br\/?p=21406"},"modified":"2021-05-28T09:46:39","modified_gmt":"2021-05-28T09:46:39","slug":"assembleia-legislativa-do-ceara-aprova-nova-redacao-para-o-programa-de-cooperacao-federativa","status":"publish","type":"post","link":"https:\/\/blogdorogeriogomes.com.br\/noticias\/2021\/05\/assembleia-legislativa-do-ceara-aprova-nova-redacao-para-o-programa-de-cooperacao-federativa\/","title":{"rendered":"Assembleia Legislativa do Cear\u00e1 aprova nova reda\u00e7\u00e3o para o Programa de Coopera\u00e7\u00e3o Federativa"},"content":{"rendered":"\n<p>A Assembleia Legislativa aprovou nesta quinta-feira, dia 27 de maio, em sess\u00e3o plen\u00e1ria h\u00edbrida (presencial e remota), 32 proposi\u00e7\u00f5es de parlamentares, al\u00e9m de tr\u00eas propostas do Governo do Estado. O presidente Evandro Leit\u00e3o destacou o projeto de lei complementar 16\/21, de autoria do Poder Executivo, cujo objetivo \u00e9 estabelecer regras de operacionaliza\u00e7\u00e3o da transfer\u00eancia especial de recursos do Programa de Coopera\u00e7\u00e3o Federativa (PCF), que garantir\u00e1 maior seguran\u00e7a jur\u00eddica a esse procedimento.<\/p>\n\n\n\n<p>\u201cInclusive, tivemos esta semana reuni\u00e3o com t\u00e9cnicos do Governo do Estado e o secret\u00e1rio Mauro Filho (Planejamento), que tiraram as d\u00favidas dos parlamentares quanto a esse projeto, fazendo com que se torne ainda mais clara essa medida\u201d, explicou o presidente do Poder Legislativo, sobre a articula\u00e7\u00e3o da proposta com os deputados. Entre as medidas, est\u00e3o: a defini\u00e7\u00e3o de um cronograma de desembolso dos recursos pelo Conselho Gestor do PCF, que avaliar\u00e1 a compatibilidade do projeto com as diretrizes do Governo; o Munic\u00edpio receber\u00e1 o valor e proceder\u00e1 a execu\u00e7\u00e3o da projeto e, ao ser conclu\u00eddo, ter\u00e1 30 dias para notificar o \u00f3rg\u00e3o competente.<\/p>\n\n\n\n<p>Evandro Leit\u00e3o parabenizou tamb\u00e9m os avan\u00e7os conquistados pela Universidade Estadual do Cear\u00e1 (Uece) no desenvolvimento de mais um imunizante contra o v\u00edrus da Covid-19. \u201c\u00c9 uma grande alegria anunciar que nossa Uece est\u00e1 obtendo sucesso na produ\u00e7\u00e3o de mais uma vacina contra a Covid-19, que ainda est\u00e1 em fase de teste, mas cujos avan\u00e7os j\u00e1 atra\u00edram o olhar da Funda\u00e7\u00e3o Oswaldo Cruz (FioCruz)&#8221;. Ele destacou a import\u00e2ncia da vacina ao lamentar as 450 mil mortes provocadas pela pandemia de Covid-19 em todo o Brasil, das quais mais de 20 mil no Cear\u00e1. E concluiu com um minuto de sil\u00eancio em respeito \u00e0s fam\u00edlias.<\/p>\n\n\n\n<p>Evandro Leit\u00e3o lembrou ainda o prazo de inscri\u00e7\u00f5es dos cursos de MBA em Gest\u00e3o em Governan\u00e7a e em Assessoria Parlamentar, promovidos pela Escola Superior do Parlamento Cearense (Unipace), terminam nesta quinta-feira, dia 27, destinados a servidores da Casa, de c\u00e2maras municipais, ou de institui\u00e7\u00f5es parceiras e conveniadas.<\/p>\n\n\n\n<figure class=\"wp-block-image size-large\"><img loading=\"lazy\" decoding=\"async\" width=\"1024\" height=\"682\" src=\"https:\/\/blogdorogeriogomes.com.br\/wp-content\/uploads\/2021\/05\/IMG-20210527-WA0106-1024x682.jpg\" alt=\"\" class=\"wp-image-21407\" srcset=\"https:\/\/blogdorogeriogomes.com.br\/noticias\/wp-content\/uploads\/2021\/05\/IMG-20210527-WA0106-1024x682.jpg 1024w, https:\/\/blogdorogeriogomes.com.br\/noticias\/wp-content\/uploads\/2021\/05\/IMG-20210527-WA0106-300x200.jpg 300w, https:\/\/blogdorogeriogomes.com.br\/noticias\/wp-content\/uploads\/2021\/05\/IMG-20210527-WA0106-768x512.jpg 768w, https:\/\/blogdorogeriogomes.com.br\/noticias\/wp-content\/uploads\/2021\/05\/IMG-20210527-WA0106-800x533.jpg 800w, https:\/\/blogdorogeriogomes.com.br\/noticias\/wp-content\/uploads\/2021\/05\/IMG-20210527-WA0106.jpg 1280w\" sizes=\"auto, (max-width: 1024px) 100vw, 1024px\" \/><\/figure>\n","protected":false},"excerpt":{"rendered":"<p>A Assembleia Legislativa aprovou nesta quinta-feira, dia 27 de maio, em sess\u00e3o plen\u00e1ria h\u00edbrida (presencial e remota), 32 proposi\u00e7\u00f5es de parlamentares, al\u00e9m de tr\u00eas propostas do Governo do Estado. O presidente Evandro Leit\u00e3o destacou o projeto de lei complementar 16\/21, de autoria do Poder Executivo, cujo objetivo \u00e9 estabelecer regras de operacionaliza\u00e7\u00e3o da transfer\u00eancia especial de recursos do Programa de Coopera\u00e7\u00e3o Federativa (PCF), que garantir\u00e1 maior seguran\u00e7a jur\u00eddica a esse procedimento. \u201cInclusive, tivemos esta semana reuni\u00e3o com t\u00e9cnicos do&hellip;<\/p>\n","protected":false},"author":1,"featured_media":21407,"comment_status":"open","ping_status":"open","sticky":false,"template":"","format":"standard","meta":{"footnotes":""},"categories":[1],"tags":[],"class_list":["post-21406","post","type-post","status-publish","format-standard","has-post-thumbnail","hentry","category-noticias"],"_links":{"self":[{"href":"https:\/\/blogdorogeriogomes.com.br\/noticias\/wp-json\/wp\/v2\/posts\/21406","targetHints":{"allow":["GET"]}}],"collection":[{"href":"https:\/\/blogdorogeriogomes.com.br\/noticias\/wp-json\/wp\/v2\/posts"}],"about":[{"href":"https:\/\/blogdorogeriogomes.com.br\/noticias\/wp-json\/wp\/v2\/types\/post"}],"author":[{"embeddable":true,"href":"https:\/\/blogdorogeriogomes.com.br\/noticias\/wp-json\/wp\/v2\/users\/1"}],"replies":[{"embeddable":true,"href":"https:\/\/blogdorogeriogomes.com.br\/noticias\/wp-json\/wp\/v2\/comments?post=21406"}],"version-history":[{"count":1,"href":"https:\/\/blogdorogeriogomes.com.br\/noticias\/wp-json\/wp\/v2\/posts\/21406\/revisions"}],"predecessor-version":[{"id":21408,"href":"https:\/\/blogdorogeriogomes.com.br\/noticias\/wp-json\/wp\/v2\/posts\/21406\/revisions\/21408"}],"wp:featuredmedia":[{"embeddable":true,"href":"https:\/\/blogdorogeriogomes.com.br\/noticias\/wp-json\/wp\/v2\/media\/21407"}],"wp:attachment":[{"href":"https:\/\/blogdorogeriogomes.com.br\/noticias\/wp-json\/wp\/v2\/media?parent=21406"}],"wp:term":[{"taxonomy":"category","embeddable":true,"href":"https:\/\/blogdorogeriogomes.com.br\/noticias\/wp-json\/wp\/v2\/categories?post=21406"},{"taxonomy":"post_tag","embeddable":true,"href":"https:\/\/blogdorogeriogomes.com.br\/noticias\/wp-json\/wp\/v2\/tags?post=21406"}],"curies":[{"name":"wp","href":"https:\/\/api.w.org\/{rel}","templated":true}]}}