{"id":21412,"date":"2021-05-27T23:05:50","date_gmt":"2021-05-27T23:05:50","guid":{"rendered":"https:\/\/blogdorogeriogomes.com.br\/?p=21412"},"modified":"2021-05-28T09:46:02","modified_gmt":"2021-05-28T09:46:02","slug":"gradis-para-evitar-comercio-ambulante-sao-instalados-no-centro-de-fortaleza","status":"publish","type":"post","link":"https:\/\/blogdorogeriogomes.com.br\/noticias\/2021\/05\/gradis-para-evitar-comercio-ambulante-sao-instalados-no-centro-de-fortaleza\/","title":{"rendered":"Gradis para evitar com\u00e9rcio ambulante s\u00e3o instalados no Centro de Fortaleza"},"content":{"rendered":"\n<p>A Ag\u00eancia de Fiscaliza\u00e7\u00e3o de Fortaleza (Agefis) anunciou que gradis foram instalados de forma definitiva na rua Jos\u00e9 Avelino e no entorno. A medida foi adotada depois de um per\u00edodo de teste com barreiras para evitar aglomera\u00e7\u00f5es e a dissemina\u00e7\u00e3o da Covid-19 entre feirantes e consumidores. As feiras livres ainda est\u00e3o proibidas de acordo com decreto estadual.<br>Na \u00faltima quarta-feira, dia 26 de maio, feirantes bloquearam um trecho da Avenida Os\u00f3rio de Paiva, no Bairro Canindezinho, em Fortaleza, durante um protesto pedindo pela autoriza\u00e7\u00e3o das feiras livres.<br>Manifestantes questionaram porque outros setores voltaram a funcionar e as feiras livres ainda est\u00e3o proibidas. Eles argumentam que t\u00eam sido impedidos de trabalhar e os aux\u00edlios n\u00e3o t\u00eam sido suficientes para suprir no or\u00e7amento. Os manifestantes tamb\u00e9m solicitam um protocolo sanit\u00e1rio para o retorno das atividades.<br>Com o alto \u00edndice de infla\u00e7\u00e3o e desemprego, as pessoas buscam adquirir alimentos e produtos com pre\u00e7os mais acess\u00edveis.<br><\/p>\n\n\n\n<figure class=\"wp-block-image size-large\"><img loading=\"lazy\" decoding=\"async\" width=\"1024\" height=\"682\" src=\"https:\/\/blogdorogeriogomes.com.br\/wp-content\/uploads\/2021\/05\/IMG-20210527-WA0139-1024x682.jpg\" alt=\"\" class=\"wp-image-21413\" srcset=\"https:\/\/blogdorogeriogomes.com.br\/noticias\/wp-content\/uploads\/2021\/05\/IMG-20210527-WA0139-1024x682.jpg 1024w, https:\/\/blogdorogeriogomes.com.br\/noticias\/wp-content\/uploads\/2021\/05\/IMG-20210527-WA0139-300x200.jpg 300w, https:\/\/blogdorogeriogomes.com.br\/noticias\/wp-content\/uploads\/2021\/05\/IMG-20210527-WA0139-768x511.jpg 768w, https:\/\/blogdorogeriogomes.com.br\/noticias\/wp-content\/uploads\/2021\/05\/IMG-20210527-WA0139-800x533.jpg 800w, https:\/\/blogdorogeriogomes.com.br\/noticias\/wp-content\/uploads\/2021\/05\/IMG-20210527-WA0139.jpg 1280w\" sizes=\"auto, (max-width: 1024px) 100vw, 1024px\" \/><\/figure>\n","protected":false},"excerpt":{"rendered":"<p>A Ag\u00eancia de Fiscaliza\u00e7\u00e3o de Fortaleza (Agefis) anunciou que gradis foram instalados de forma definitiva na rua Jos\u00e9 Avelino e no entorno. A medida foi adotada depois de um per\u00edodo de teste com barreiras para evitar aglomera\u00e7\u00f5es e a dissemina\u00e7\u00e3o da Covid-19 entre feirantes e consumidores. As feiras livres ainda est\u00e3o proibidas de acordo com decreto estadual.Na \u00faltima quarta-feira, dia 26 de maio, feirantes bloquearam um trecho da Avenida Os\u00f3rio de Paiva, no Bairro Canindezinho, em Fortaleza, durante um&hellip;<\/p>\n","protected":false},"author":1,"featured_media":21413,"comment_status":"open","ping_status":"open","sticky":false,"template":"","format":"standard","meta":{"footnotes":""},"categories":[1],"tags":[],"class_list":["post-21412","post","type-post","status-publish","format-standard","has-post-thumbnail","hentry","category-noticias"],"_links":{"self":[{"href":"https:\/\/blogdorogeriogomes.com.br\/noticias\/wp-json\/wp\/v2\/posts\/21412","targetHints":{"allow":["GET"]}}],"collection":[{"href":"https:\/\/blogdorogeriogomes.com.br\/noticias\/wp-json\/wp\/v2\/posts"}],"about":[{"href":"https:\/\/blogdorogeriogomes.com.br\/noticias\/wp-json\/wp\/v2\/types\/post"}],"author":[{"embeddable":true,"href":"https:\/\/blogdorogeriogomes.com.br\/noticias\/wp-json\/wp\/v2\/users\/1"}],"replies":[{"embeddable":true,"href":"https:\/\/blogdorogeriogomes.com.br\/noticias\/wp-json\/wp\/v2\/comments?post=21412"}],"version-history":[{"count":2,"href":"https:\/\/blogdorogeriogomes.com.br\/noticias\/wp-json\/wp\/v2\/posts\/21412\/revisions"}],"predecessor-version":[{"id":21415,"href":"https:\/\/blogdorogeriogomes.com.br\/noticias\/wp-json\/wp\/v2\/posts\/21412\/revisions\/21415"}],"wp:featuredmedia":[{"embeddable":true,"href":"https:\/\/blogdorogeriogomes.com.br\/noticias\/wp-json\/wp\/v2\/media\/21413"}],"wp:attachment":[{"href":"https:\/\/blogdorogeriogomes.com.br\/noticias\/wp-json\/wp\/v2\/media?parent=21412"}],"wp:term":[{"taxonomy":"category","embeddable":true,"href":"https:\/\/blogdorogeriogomes.com.br\/noticias\/wp-json\/wp\/v2\/categories?post=21412"},{"taxonomy":"post_tag","embeddable":true,"href":"https:\/\/blogdorogeriogomes.com.br\/noticias\/wp-json\/wp\/v2\/tags?post=21412"}],"curies":[{"name":"wp","href":"https:\/\/api.w.org\/{rel}","templated":true}]}}