{"id":21421,"date":"2021-05-28T10:15:42","date_gmt":"2021-05-28T10:15:42","guid":{"rendered":"https:\/\/blogdorogeriogomes.com.br\/?p=21421"},"modified":"2021-05-31T09:28:56","modified_gmt":"2021-05-31T09:28:56","slug":"camilo-santana-apresenta-capacete-elmo-em-visita-a-ministro-da-saude-pede-mais-vacina-e-habilitacao-de-novos-leitos-de-uti","status":"publish","type":"post","link":"https:\/\/blogdorogeriogomes.com.br\/noticias\/2021\/05\/camilo-santana-apresenta-capacete-elmo-em-visita-a-ministro-da-saude-pede-mais-vacina-e-habilitacao-de-novos-leitos-de-uti\/","title":{"rendered":"Camilo Santana apresenta capacete Elmo em visita a ministro da Sa\u00fade, pede mais vacina e habilita\u00e7\u00e3o de novos leitos de UTI"},"content":{"rendered":"\n<p>Acompanhado do secret\u00e1rio de Sa\u00fade do Estado, Dr. Cabeto, o governador do Cear\u00e1, Camilo Santana, teve uma reuni\u00e3o presencial com o ministro da Sa\u00fade, Marcelo Queiroga, em Bras\u00edlia, nesta quinta-feira, dia 27 de maio. Na reuni\u00e3o, Camilo solicitou a habilita\u00e7\u00e3o de novos leitos de UTI no Cear\u00e1 e do Hospital Regional do Vale do Jaguaribe, em fase final de conclus\u00e3o, al\u00e9m de pedir uma maior rapidez na distribui\u00e7\u00e3o das vacinas contra Covid-19 ao Estado.<\/p>\n\n\n\n<p>O governador do Cear\u00e1 tamb\u00e9m apresentou as a\u00e7\u00f5es do Cear\u00e1 no enfrentamento \u00e0 pandemia, como a expans\u00e3o da rede de sa\u00fade e a import\u00e2ncia do capacete respirat\u00f3rio Elmo para salvar milhares de vidas no Cear\u00e1 e em outros estados. O capacete Elmo, desenvolvido pelo superintendente da Escola de Sa\u00fade P\u00fablica do Cear\u00e1, Marcelo Alc\u00e2ntara, \u00e9 um projeto cearense que diminui o tempo de interna\u00e7\u00e3o do paciente com Covid-19 e a necessidade de respiradores em 60% dos casos.<\/p>\n\n\n\n<figure class=\"wp-block-image size-large\"><img loading=\"lazy\" decoding=\"async\" width=\"1024\" height=\"576\" src=\"https:\/\/blogdorogeriogomes.com.br\/wp-content\/uploads\/2021\/05\/IMG-20210527-WA0152-1024x576.jpg\" alt=\"\" class=\"wp-image-21422\" srcset=\"https:\/\/blogdorogeriogomes.com.br\/noticias\/wp-content\/uploads\/2021\/05\/IMG-20210527-WA0152-1024x576.jpg 1024w, https:\/\/blogdorogeriogomes.com.br\/noticias\/wp-content\/uploads\/2021\/05\/IMG-20210527-WA0152-300x169.jpg 300w, https:\/\/blogdorogeriogomes.com.br\/noticias\/wp-content\/uploads\/2021\/05\/IMG-20210527-WA0152-768x432.jpg 768w, https:\/\/blogdorogeriogomes.com.br\/noticias\/wp-content\/uploads\/2021\/05\/IMG-20210527-WA0152-800x450.jpg 800w, https:\/\/blogdorogeriogomes.com.br\/noticias\/wp-content\/uploads\/2021\/05\/IMG-20210527-WA0152.jpg 1280w\" sizes=\"auto, (max-width: 1024px) 100vw, 1024px\" \/><\/figure>\n\n\n\n<p><\/p>\n\n\n\n<p><\/p>\n","protected":false},"excerpt":{"rendered":"<p>Acompanhado do secret\u00e1rio de Sa\u00fade do Estado, Dr. Cabeto, o governador do Cear\u00e1, Camilo Santana, teve uma reuni\u00e3o presencial com o ministro da Sa\u00fade, Marcelo Queiroga, em Bras\u00edlia, nesta quinta-feira, dia 27 de maio. Na reuni\u00e3o, Camilo solicitou a habilita\u00e7\u00e3o de novos leitos de UTI no Cear\u00e1 e do Hospital Regional do Vale do Jaguaribe, em fase final de conclus\u00e3o, al\u00e9m de pedir uma maior rapidez na distribui\u00e7\u00e3o das vacinas contra Covid-19 ao Estado. O governador do Cear\u00e1 tamb\u00e9m&hellip;<\/p>\n","protected":false},"author":1,"featured_media":21422,"comment_status":"open","ping_status":"open","sticky":false,"template":"","format":"standard","meta":{"footnotes":""},"categories":[1],"tags":[],"class_list":["post-21421","post","type-post","status-publish","format-standard","has-post-thumbnail","hentry","category-noticias"],"_links":{"self":[{"href":"https:\/\/blogdorogeriogomes.com.br\/noticias\/wp-json\/wp\/v2\/posts\/21421","targetHints":{"allow":["GET"]}}],"collection":[{"href":"https:\/\/blogdorogeriogomes.com.br\/noticias\/wp-json\/wp\/v2\/posts"}],"about":[{"href":"https:\/\/blogdorogeriogomes.com.br\/noticias\/wp-json\/wp\/v2\/types\/post"}],"author":[{"embeddable":true,"href":"https:\/\/blogdorogeriogomes.com.br\/noticias\/wp-json\/wp\/v2\/users\/1"}],"replies":[{"embeddable":true,"href":"https:\/\/blogdorogeriogomes.com.br\/noticias\/wp-json\/wp\/v2\/comments?post=21421"}],"version-history":[{"count":1,"href":"https:\/\/blogdorogeriogomes.com.br\/noticias\/wp-json\/wp\/v2\/posts\/21421\/revisions"}],"predecessor-version":[{"id":21423,"href":"https:\/\/blogdorogeriogomes.com.br\/noticias\/wp-json\/wp\/v2\/posts\/21421\/revisions\/21423"}],"wp:featuredmedia":[{"embeddable":true,"href":"https:\/\/blogdorogeriogomes.com.br\/noticias\/wp-json\/wp\/v2\/media\/21422"}],"wp:attachment":[{"href":"https:\/\/blogdorogeriogomes.com.br\/noticias\/wp-json\/wp\/v2\/media?parent=21421"}],"wp:term":[{"taxonomy":"category","embeddable":true,"href":"https:\/\/blogdorogeriogomes.com.br\/noticias\/wp-json\/wp\/v2\/categories?post=21421"},{"taxonomy":"post_tag","embeddable":true,"href":"https:\/\/blogdorogeriogomes.com.br\/noticias\/wp-json\/wp\/v2\/tags?post=21421"}],"curies":[{"name":"wp","href":"https:\/\/api.w.org\/{rel}","templated":true}]}}