{"id":21424,"date":"2021-05-28T18:47:50","date_gmt":"2021-05-28T18:47:50","guid":{"rendered":"https:\/\/blogdorogeriogomes.com.br\/?p=21424"},"modified":"2021-05-31T09:28:45","modified_gmt":"2021-05-31T09:28:45","slug":"ministerio-da-saude-divulga-ordem-de-prioridade-na-vacinacao-de-professores-em-fortaleza-a-imunizacao-comeca-neste-sabado","status":"publish","type":"post","link":"https:\/\/blogdorogeriogomes.com.br\/noticias\/2021\/05\/ministerio-da-saude-divulga-ordem-de-prioridade-na-vacinacao-de-professores-em-fortaleza-a-imunizacao-comeca-neste-sabado\/","title":{"rendered":"Minist\u00e9rio da Sa\u00fade divulga ordem de prioridade na vacina\u00e7\u00e3o de professores. Em Fortaleza, a imuniza\u00e7\u00e3o come\u00e7a neste s\u00e1bado"},"content":{"rendered":"\n<p>O Minist\u00e9rio da Sa\u00fade divulgou nesta sexta-feira, dia 28 de maio, por meio de nota t\u00e9cnica, a ordem de prioridade para a imuniza\u00e7\u00e3o de profissionais da Educa\u00e7\u00e3o contra a Covid-19. A fila ser\u00e1 iniciada com aqueles que prestam servi\u00e7o em creches e pr\u00e9-escolas e encerra-se com os trabalhadores do Ensino Superior.<\/p>\n\n\n\n<p>A ordem priorit\u00e1ria ser\u00e1 a seguinte: creches e pr\u00e9-escolas; Ensino Fundamental; Ensino M\u00e9dio; Ensino Profissionalizante; Educa\u00e7\u00e3o de jovens e adultos; e Ensino Superior. Os estados e munic\u00edpios com demandas menores de vacina\u00e7\u00e3o de prioridades podem realizar, ao mesmo tempo, a imuniza\u00e7\u00e3o por faixa et\u00e1ria decrescente, sem necessariamente encerrar uma das etapas por inteiro.<\/p>\n\n\n\n<p>Em Maranguape, professores j\u00e1 come\u00e7aram a receber a primeira dose da vacina. J\u00e1 em Fortaleza a vacina\u00e7\u00e3o ser\u00e1 iniciada neste s\u00e1bado (29). \u00c9 v\u00e1lido destacar que esta 4\u00aa fase do plano de imuniza\u00e7\u00e3o n\u00e3o engloba apenas os professores, mas todos os profissionais que trabalham em institui\u00e7\u00f5es de ensino.<\/p>\n\n\n\n<p>Na mesma nota t\u00e9cnica, o Minist\u00e9rio da Sa\u00fade autorizou o come\u00e7o&nbsp;da vacina\u00e7\u00e3o da popula\u00e7\u00e3o geral&nbsp;(18 a 59 anos), de maneira escalonada e por faixas et\u00e1rias decrescentes. Caber\u00e1 a cada estado definir a imuniza\u00e7\u00e3o por faixa et\u00e1ria de forma paralela aos grupos priorit\u00e1rios.<\/p>\n\n\n\n<figure class=\"wp-block-image size-large\"><img loading=\"lazy\" decoding=\"async\" width=\"678\" height=\"452\" src=\"https:\/\/blogdorogeriogomes.com.br\/wp-content\/uploads\/2021\/05\/images-4.jpeg\" alt=\"\" class=\"wp-image-21425\" srcset=\"https:\/\/blogdorogeriogomes.com.br\/noticias\/wp-content\/uploads\/2021\/05\/images-4.jpeg 678w, https:\/\/blogdorogeriogomes.com.br\/noticias\/wp-content\/uploads\/2021\/05\/images-4-300x200.jpeg 300w\" sizes=\"auto, (max-width: 678px) 100vw, 678px\" \/><\/figure>\n","protected":false},"excerpt":{"rendered":"<p>O Minist\u00e9rio da Sa\u00fade divulgou nesta sexta-feira, dia 28 de maio, por meio de nota t\u00e9cnica, a ordem de prioridade para a imuniza\u00e7\u00e3o de profissionais da Educa\u00e7\u00e3o contra a Covid-19. A fila ser\u00e1 iniciada com aqueles que prestam servi\u00e7o em creches e pr\u00e9-escolas e encerra-se com os trabalhadores do Ensino Superior. A ordem priorit\u00e1ria ser\u00e1 a seguinte: creches e pr\u00e9-escolas; Ensino Fundamental; Ensino M\u00e9dio; Ensino Profissionalizante; Educa\u00e7\u00e3o de jovens e adultos; e Ensino Superior. Os estados e munic\u00edpios com&hellip;<\/p>\n","protected":false},"author":1,"featured_media":21425,"comment_status":"open","ping_status":"open","sticky":false,"template":"","format":"standard","meta":{"footnotes":""},"categories":[1],"tags":[],"class_list":["post-21424","post","type-post","status-publish","format-standard","has-post-thumbnail","hentry","category-noticias"],"_links":{"self":[{"href":"https:\/\/blogdorogeriogomes.com.br\/noticias\/wp-json\/wp\/v2\/posts\/21424","targetHints":{"allow":["GET"]}}],"collection":[{"href":"https:\/\/blogdorogeriogomes.com.br\/noticias\/wp-json\/wp\/v2\/posts"}],"about":[{"href":"https:\/\/blogdorogeriogomes.com.br\/noticias\/wp-json\/wp\/v2\/types\/post"}],"author":[{"embeddable":true,"href":"https:\/\/blogdorogeriogomes.com.br\/noticias\/wp-json\/wp\/v2\/users\/1"}],"replies":[{"embeddable":true,"href":"https:\/\/blogdorogeriogomes.com.br\/noticias\/wp-json\/wp\/v2\/comments?post=21424"}],"version-history":[{"count":2,"href":"https:\/\/blogdorogeriogomes.com.br\/noticias\/wp-json\/wp\/v2\/posts\/21424\/revisions"}],"predecessor-version":[{"id":21444,"href":"https:\/\/blogdorogeriogomes.com.br\/noticias\/wp-json\/wp\/v2\/posts\/21424\/revisions\/21444"}],"wp:featuredmedia":[{"embeddable":true,"href":"https:\/\/blogdorogeriogomes.com.br\/noticias\/wp-json\/wp\/v2\/media\/21425"}],"wp:attachment":[{"href":"https:\/\/blogdorogeriogomes.com.br\/noticias\/wp-json\/wp\/v2\/media?parent=21424"}],"wp:term":[{"taxonomy":"category","embeddable":true,"href":"https:\/\/blogdorogeriogomes.com.br\/noticias\/wp-json\/wp\/v2\/categories?post=21424"},{"taxonomy":"post_tag","embeddable":true,"href":"https:\/\/blogdorogeriogomes.com.br\/noticias\/wp-json\/wp\/v2\/tags?post=21424"}],"curies":[{"name":"wp","href":"https:\/\/api.w.org\/{rel}","templated":true}]}}