{"id":21427,"date":"2021-05-28T22:52:44","date_gmt":"2021-05-28T22:52:44","guid":{"rendered":"https:\/\/blogdorogeriogomes.com.br\/?p=21427"},"modified":"2021-05-31T09:28:35","modified_gmt":"2021-05-31T09:28:35","slug":"voos-nacionais-continuam-sem-exigencia-de-teste-de-covid-19-apesar-da-confirmacao-de-casos-da-variante-indiana","status":"publish","type":"post","link":"https:\/\/blogdorogeriogomes.com.br\/noticias\/2021\/05\/voos-nacionais-continuam-sem-exigencia-de-teste-de-covid-19-apesar-da-confirmacao-de-casos-da-variante-indiana\/","title":{"rendered":"Voos nacionais continuam sem exig\u00eancia de teste de Covid-19 apesar da confirma\u00e7\u00e3o de casos da variante indiana"},"content":{"rendered":"\n<p>Embora haja a confirma\u00e7\u00e3o no Brasil de casos da nova variante indiana do coronav\u00edrus, voos em territ\u00f3rio nacional continuam sem exig\u00eancia de teste de Covid-19. O Minist\u00e9rio P\u00fablico Federal (MPF) ingressou em fevereiro passado com uma a\u00e7\u00e3o na Justi\u00e7a Federal no Cear\u00e1 para obrigar a Ag\u00eancia Nacional de Avia\u00e7\u00e3o Civil (Anac) e a Uni\u00e3o a exigirem exame de Covid-19 para esses voos. Por\u00e9m, a concess\u00e3o de liminar foi negada no dia 28 de mar\u00e7o pela Justi\u00e7a Federal no Cear\u00e1.<br>O Minist\u00e9rio P\u00fablico Federal ingressou com recurso no Tribunal Regional Federal da 5\u00aa Regi\u00e3o (TRF-5) no dia 27 de abril. No dia seguinte, o TRF-5 indeferiu o pedido para suspender a decis\u00e3o da primeira inst\u00e2ncia.<br>Foram contabilizados sete casos da variante indiana pelo Minist\u00e9rio da Sa\u00fade, at\u00e9 o momento, onde seis deles s\u00e3o em S\u00e3o Lu\u00eds, no Maranh\u00e3o, e um em Campos dos Goytacazes, no Rio de Janeiro.<br>O governador do Cear\u00e1, Camilo Santana, na \u00faltima segunda-feira, dia 24 de maio, voltou a encaminhar of\u00edcios para a Ag\u00eancia Nacional de Avia\u00e7\u00e3o Civil (Anac) e a Ag\u00eancia de Vigil\u00e2ncia Sanit\u00e1ria (Anvisa) solicitando medidas de refor\u00e7o a a\u00e7\u00f5es sanit\u00e1rias no Aeroporto Internacional de Fortaleza.<br>Ainda que, desde o come\u00e7o da pandemia, haja iniciativas do governo cearense e de \u00f3rg\u00e3os p\u00fablicos para intensificar medidas sanit\u00e1rias nos aeroportos, as a\u00e7\u00f5es dependem do aval de inst\u00e2ncias federais.<br>J\u00e1 a Anac afirma que \u201ctodas as medidas solicitadas para o setor a\u00e9reo j\u00e1 foram intensificadas\u201d.<\/p>\n\n\n\n<figure class=\"wp-block-image size-large\"><img loading=\"lazy\" decoding=\"async\" width=\"678\" height=\"452\" src=\"https:\/\/blogdorogeriogomes.com.br\/wp-content\/uploads\/2021\/05\/IMG-20210528-WA0222.jpg\" alt=\"\" class=\"wp-image-21428\" srcset=\"https:\/\/blogdorogeriogomes.com.br\/noticias\/wp-content\/uploads\/2021\/05\/IMG-20210528-WA0222.jpg 678w, https:\/\/blogdorogeriogomes.com.br\/noticias\/wp-content\/uploads\/2021\/05\/IMG-20210528-WA0222-300x200.jpg 300w\" sizes=\"auto, (max-width: 678px) 100vw, 678px\" \/><\/figure>\n","protected":false},"excerpt":{"rendered":"<p>Embora haja a confirma\u00e7\u00e3o no Brasil de casos da nova variante indiana do coronav\u00edrus, voos em territ\u00f3rio nacional continuam sem exig\u00eancia de teste de Covid-19. O Minist\u00e9rio P\u00fablico Federal (MPF) ingressou em fevereiro passado com uma a\u00e7\u00e3o na Justi\u00e7a Federal no Cear\u00e1 para obrigar a Ag\u00eancia Nacional de Avia\u00e7\u00e3o Civil (Anac) e a Uni\u00e3o a exigirem exame de Covid-19 para esses voos. Por\u00e9m, a concess\u00e3o de liminar foi negada no dia 28 de mar\u00e7o pela Justi\u00e7a Federal no Cear\u00e1.O&hellip;<\/p>\n","protected":false},"author":1,"featured_media":21428,"comment_status":"open","ping_status":"open","sticky":false,"template":"","format":"standard","meta":{"footnotes":""},"categories":[1],"tags":[],"class_list":["post-21427","post","type-post","status-publish","format-standard","has-post-thumbnail","hentry","category-noticias"],"_links":{"self":[{"href":"https:\/\/blogdorogeriogomes.com.br\/noticias\/wp-json\/wp\/v2\/posts\/21427","targetHints":{"allow":["GET"]}}],"collection":[{"href":"https:\/\/blogdorogeriogomes.com.br\/noticias\/wp-json\/wp\/v2\/posts"}],"about":[{"href":"https:\/\/blogdorogeriogomes.com.br\/noticias\/wp-json\/wp\/v2\/types\/post"}],"author":[{"embeddable":true,"href":"https:\/\/blogdorogeriogomes.com.br\/noticias\/wp-json\/wp\/v2\/users\/1"}],"replies":[{"embeddable":true,"href":"https:\/\/blogdorogeriogomes.com.br\/noticias\/wp-json\/wp\/v2\/comments?post=21427"}],"version-history":[{"count":1,"href":"https:\/\/blogdorogeriogomes.com.br\/noticias\/wp-json\/wp\/v2\/posts\/21427\/revisions"}],"predecessor-version":[{"id":21429,"href":"https:\/\/blogdorogeriogomes.com.br\/noticias\/wp-json\/wp\/v2\/posts\/21427\/revisions\/21429"}],"wp:featuredmedia":[{"embeddable":true,"href":"https:\/\/blogdorogeriogomes.com.br\/noticias\/wp-json\/wp\/v2\/media\/21428"}],"wp:attachment":[{"href":"https:\/\/blogdorogeriogomes.com.br\/noticias\/wp-json\/wp\/v2\/media?parent=21427"}],"wp:term":[{"taxonomy":"category","embeddable":true,"href":"https:\/\/blogdorogeriogomes.com.br\/noticias\/wp-json\/wp\/v2\/categories?post=21427"},{"taxonomy":"post_tag","embeddable":true,"href":"https:\/\/blogdorogeriogomes.com.br\/noticias\/wp-json\/wp\/v2\/tags?post=21427"}],"curies":[{"name":"wp","href":"https:\/\/api.w.org\/{rel}","templated":true}]}}