{"id":21430,"date":"2021-05-28T23:58:35","date_gmt":"2021-05-28T23:58:35","guid":{"rendered":"https:\/\/blogdorogeriogomes.com.br\/?p=21430"},"modified":"2021-05-31T09:28:18","modified_gmt":"2021-05-31T09:28:18","slug":"camilo-santana-amplia-flexibilizacao-para-outras-regioes-do-ceara-so-o-cariri-permanece-com-restricoes","status":"publish","type":"post","link":"https:\/\/blogdorogeriogomes.com.br\/noticias\/2021\/05\/camilo-santana-amplia-flexibilizacao-para-outras-regioes-do-ceara-so-o-cariri-permanece-com-restricoes\/","title":{"rendered":"Camilo Santana amplia flexibiliza\u00e7\u00e3o para outras regi\u00f5es do Cear\u00e1. S\u00f3 o Cariri permanece com restri\u00e7\u00f5es"},"content":{"rendered":"\n<p>O governador Camilo Santana (PT) anunciou, na noite desta sexta-feira, dia 28 de maio, a renova\u00e7\u00e3o do decreto de isolamento social r\u00edgido para todo o Estado. As macrorregi\u00f5es de Fortaleza e Sobral seguem com o mesmo regime da \u00faltima semana. J\u00e1 as regi\u00f5es do Sert\u00e3o Central e Litoral Leste-Jaguaribe adotam, a partir da pr\u00f3xima segunda-feira, o mesmo n\u00edvel de flexibiliza\u00e7\u00e3o da Capital.<br>Camilo afirmou que Fortaleza e Sobral ter\u00e3o apenas &#8220;alguns ajustes&#8221;, que ser\u00e3o detalhados na publica\u00e7\u00e3o do decreto neste s\u00e1bado, dia 29. Presente na live, o secret\u00e1rio da Sa\u00fade do Estado, Dr. Cabeto, alertou que a regi\u00e3o mais preocupante hoje no Cear\u00e1 \u00e9 a do Cariri, com &#8220;um n\u00famero crescente&#8221; de atendimentos nas UPAs e alta taxa de ocupa\u00e7\u00e3o de leitos. O Cariri continua com restri\u00e7\u00f5es.<br>Com o atual decreto, al\u00e9m das macrorregi\u00f5es fortalezense e sobralense, as novas regi\u00f5es inclu\u00eddas na flexibiliza\u00e7\u00e3o podem abrir com\u00e9rcio, shoppings, barracas de praia, restaurantes, igrejas, academias, dentre outras atividades n\u00e3o essenciais, nos dias \u00fateis e tamb\u00e9m nos fins de semana, desde que obede\u00e7am os hor\u00e1rios.<br>O com\u00e9rcio nas ruas poder\u00e1 funcionar de 10h \u00e0s 19h, os shoppings podem abrir das 12h \u00e0s 21h, os restaurantes das 10h \u00e0s 21h (com metade da capacidade), e academias at\u00e9 as 21h. O toque de recolher permanece de 22h \u00e0s 5h em todos os munic\u00edpios cearenses.<br>O Sert\u00e3o Central abrange os munic\u00edpios de Aiuaba, Arneiroz, Banabui\u00fa, Boa Viagem, Canind\u00e9, Caridade, Chor\u00f3, Ibaretama, Ibicuitinga, Itatira, Madalena, Milh\u00e3, Parambu, Paramoti, Pedra Branca, Quixad\u00e1, Quixeramobim, Senador Pompeu, Solon\u00f3pole, Tau\u00e1.<br>O Litoral Leste-Jaguaribe envolve as cidades: Alto Santo, Aracati, Erer\u00ea, Fortim, Icapu\u00ed, Iracema, Itai\u00e7aba, Jaguaretama, Jaguaribara, Jaguaribe, Jaguaruana, Limoeiro do Norte, Morada Nova, Palhano, Pereiro, Potiretama, Quixer\u00e9, Russas, S\u00e3o Jo\u00e3o do Jaguaribe, Tabuleiro do Norte.<\/p>\n\n\n\n<figure class=\"wp-block-image size-large\"><img loading=\"lazy\" decoding=\"async\" width=\"750\" height=\"375\" src=\"https:\/\/blogdorogeriogomes.com.br\/wp-content\/uploads\/2021\/05\/images-5.jpeg\" alt=\"\" class=\"wp-image-21431\" srcset=\"https:\/\/blogdorogeriogomes.com.br\/noticias\/wp-content\/uploads\/2021\/05\/images-5.jpeg 750w, https:\/\/blogdorogeriogomes.com.br\/noticias\/wp-content\/uploads\/2021\/05\/images-5-300x150.jpeg 300w\" sizes=\"auto, (max-width: 750px) 100vw, 750px\" \/><\/figure>\n","protected":false},"excerpt":{"rendered":"<p>O governador Camilo Santana (PT) anunciou, na noite desta sexta-feira, dia 28 de maio, a renova\u00e7\u00e3o do decreto de isolamento social r\u00edgido para todo o Estado. As macrorregi\u00f5es de Fortaleza e Sobral seguem com o mesmo regime da \u00faltima semana. J\u00e1 as regi\u00f5es do Sert\u00e3o Central e Litoral Leste-Jaguaribe adotam, a partir da pr\u00f3xima segunda-feira, o mesmo n\u00edvel de flexibiliza\u00e7\u00e3o da Capital.Camilo afirmou que Fortaleza e Sobral ter\u00e3o apenas &#8220;alguns ajustes&#8221;, que ser\u00e3o detalhados na publica\u00e7\u00e3o do decreto neste&hellip;<\/p>\n","protected":false},"author":1,"featured_media":21431,"comment_status":"open","ping_status":"open","sticky":false,"template":"","format":"standard","meta":{"footnotes":""},"categories":[1],"tags":[],"class_list":["post-21430","post","type-post","status-publish","format-standard","has-post-thumbnail","hentry","category-noticias"],"_links":{"self":[{"href":"https:\/\/blogdorogeriogomes.com.br\/noticias\/wp-json\/wp\/v2\/posts\/21430","targetHints":{"allow":["GET"]}}],"collection":[{"href":"https:\/\/blogdorogeriogomes.com.br\/noticias\/wp-json\/wp\/v2\/posts"}],"about":[{"href":"https:\/\/blogdorogeriogomes.com.br\/noticias\/wp-json\/wp\/v2\/types\/post"}],"author":[{"embeddable":true,"href":"https:\/\/blogdorogeriogomes.com.br\/noticias\/wp-json\/wp\/v2\/users\/1"}],"replies":[{"embeddable":true,"href":"https:\/\/blogdorogeriogomes.com.br\/noticias\/wp-json\/wp\/v2\/comments?post=21430"}],"version-history":[{"count":1,"href":"https:\/\/blogdorogeriogomes.com.br\/noticias\/wp-json\/wp\/v2\/posts\/21430\/revisions"}],"predecessor-version":[{"id":21432,"href":"https:\/\/blogdorogeriogomes.com.br\/noticias\/wp-json\/wp\/v2\/posts\/21430\/revisions\/21432"}],"wp:featuredmedia":[{"embeddable":true,"href":"https:\/\/blogdorogeriogomes.com.br\/noticias\/wp-json\/wp\/v2\/media\/21431"}],"wp:attachment":[{"href":"https:\/\/blogdorogeriogomes.com.br\/noticias\/wp-json\/wp\/v2\/media?parent=21430"}],"wp:term":[{"taxonomy":"category","embeddable":true,"href":"https:\/\/blogdorogeriogomes.com.br\/noticias\/wp-json\/wp\/v2\/categories?post=21430"},{"taxonomy":"post_tag","embeddable":true,"href":"https:\/\/blogdorogeriogomes.com.br\/noticias\/wp-json\/wp\/v2\/tags?post=21430"}],"curies":[{"name":"wp","href":"https:\/\/api.w.org\/{rel}","templated":true}]}}