{"id":21434,"date":"2021-05-29T10:53:04","date_gmt":"2021-05-29T10:53:04","guid":{"rendered":"https:\/\/blogdorogeriogomes.com.br\/?p=21434"},"modified":"2021-05-31T09:28:01","modified_gmt":"2021-05-31T09:28:01","slug":"cpi-da-covid-no-senado-define-uma-nova-rodada-de-depoimentos-para-o-mes-de-junho","status":"publish","type":"post","link":"https:\/\/blogdorogeriogomes.com.br\/noticias\/2021\/05\/cpi-da-covid-no-senado-define-uma-nova-rodada-de-depoimentos-para-o-mes-de-junho\/","title":{"rendered":"CPI da Covid no Senado define uma nova rodada de depoimentos para o m\u00eas de junho"},"content":{"rendered":"\n<p>Vai come\u00e7ar o m\u00eas de junho e uma nova rodada de depoimentos na CPI da Covid no Senado Federal. O calend\u00e1rio prev\u00ea depoimentos de m\u00e9dicos, pesquisadores, ex-assessores do ex-ministro da Sa\u00fade, Eduardo Pazuello, governadores e um empres\u00e1rio.<\/p>\n\n\n\n<p>A agenda prev\u00ea os seguintes depoimentos em junho:<\/p>\n\n\n\n<p>Ter\u00e7a-feira, dia 1\u00ba\/6: Nise Yamaguchi, m\u00e9dica oncologista defensora da cloroquina contra a Covid;<br>Quarta-feira, dia 2\/6: Clovis da Cunha, presidente da Sociedade Brasileira de Infectologia; Zeliete Zambom, presidente da Sociedade Brasileira de Medicina de Fam\u00edlia e Comunidade; Francisco Alves, infectologista do Hospital Em\u00edlio Ribas (SP); Paulo Porto Melo, m\u00e9dico neurocirurgi\u00e3o;<br>Ter\u00e7a-feira, dia 8\/6: N\u00edsia Trindade Lima, presidente da Funda\u00e7\u00e3o Oswaldo Cruz (Fiocruz);<br>Quarta-feira, dia 9\/6: Elcio Franco, ex-secret\u00e1rio-executivo do Minist\u00e9rio da Sa\u00fade;<br>Quinta-feira, dia 10\/6: Markinhos Show, ex-assessor do Minist\u00e9rio da Sa\u00fade;<br>Sexta-feira, dia 11\/6: Cl\u00e1udio Maierovitch, m\u00e9dico sanitarista, e Nath\u00e1lia Pasternak, microbiolgoista e pesquisadora da USP;<br>Ter\u00e7a-feira, dia 15\/6: Marcellus Camp\u00ealo, secret\u00e1rio de Sa\u00fade do Amazonas;<br>Quarta-feira, dia 16\/6: Wilson Witzel, ex-governador do Rio de Janeiro;<br>Quinta-feira, dia 17\/6: Carlos Wizard, empres\u00e1rio;<br>Ter\u00e7a-feira, dia 22\/6: Filipe Martins, assessor da Presid\u00eancia da Rep\u00fablica;<br>Quarta-feira, dia 23\/6: Representante do Instituto Gamaleya (desenvolvedor da vacina russa Sputnik V);<br>Quinta-feira, dia 24\/6: Jurema Werneck, representante do Movimento Alerta;<br>Ter\u00e7a-feira, dia 29\/6: Wilson Lima, governador do Amazonas;<br>Quarta-feira, dia 30\/6: Helder Barbalho, governador do Par\u00e1.<\/p>\n\n\n\n<p>Alegando que a CPI do Senado n\u00e3o pode investigar estados e prefeituras, governadores de 17 estados e do Distrito Federal ingressaram nesta sexta-feira, dia 28, no Supremo Tribunal Federal (STF) com uma a\u00e7\u00e3o contra a convoca\u00e7\u00e3o de gestores de nove estados para prestar depoimento \u00e0 comiss\u00e3o.<\/p>\n\n\n\n<figure class=\"wp-block-image size-large\"><img loading=\"lazy\" decoding=\"async\" width=\"680\" height=\"451\" src=\"https:\/\/blogdorogeriogomes.com.br\/wp-content\/uploads\/2021\/05\/images-6.jpeg\" alt=\"\" class=\"wp-image-21435\" srcset=\"https:\/\/blogdorogeriogomes.com.br\/noticias\/wp-content\/uploads\/2021\/05\/images-6.jpeg 680w, https:\/\/blogdorogeriogomes.com.br\/noticias\/wp-content\/uploads\/2021\/05\/images-6-300x199.jpeg 300w\" sizes=\"auto, (max-width: 680px) 100vw, 680px\" \/><\/figure>\n","protected":false},"excerpt":{"rendered":"<p>Vai come\u00e7ar o m\u00eas de junho e uma nova rodada de depoimentos na CPI da Covid no Senado Federal. O calend\u00e1rio prev\u00ea depoimentos de m\u00e9dicos, pesquisadores, ex-assessores do ex-ministro da Sa\u00fade, Eduardo Pazuello, governadores e um empres\u00e1rio. A agenda prev\u00ea os seguintes depoimentos em junho: Ter\u00e7a-feira, dia 1\u00ba\/6: Nise Yamaguchi, m\u00e9dica oncologista defensora da cloroquina contra a Covid;Quarta-feira, dia 2\/6: Clovis da Cunha, presidente da Sociedade Brasileira de Infectologia; Zeliete Zambom, presidente da Sociedade Brasileira de Medicina de Fam\u00edlia&hellip;<\/p>\n","protected":false},"author":1,"featured_media":21435,"comment_status":"open","ping_status":"open","sticky":false,"template":"","format":"standard","meta":{"footnotes":""},"categories":[1],"tags":[],"class_list":["post-21434","post","type-post","status-publish","format-standard","has-post-thumbnail","hentry","category-noticias"],"_links":{"self":[{"href":"https:\/\/blogdorogeriogomes.com.br\/noticias\/wp-json\/wp\/v2\/posts\/21434","targetHints":{"allow":["GET"]}}],"collection":[{"href":"https:\/\/blogdorogeriogomes.com.br\/noticias\/wp-json\/wp\/v2\/posts"}],"about":[{"href":"https:\/\/blogdorogeriogomes.com.br\/noticias\/wp-json\/wp\/v2\/types\/post"}],"author":[{"embeddable":true,"href":"https:\/\/blogdorogeriogomes.com.br\/noticias\/wp-json\/wp\/v2\/users\/1"}],"replies":[{"embeddable":true,"href":"https:\/\/blogdorogeriogomes.com.br\/noticias\/wp-json\/wp\/v2\/comments?post=21434"}],"version-history":[{"count":1,"href":"https:\/\/blogdorogeriogomes.com.br\/noticias\/wp-json\/wp\/v2\/posts\/21434\/revisions"}],"predecessor-version":[{"id":21436,"href":"https:\/\/blogdorogeriogomes.com.br\/noticias\/wp-json\/wp\/v2\/posts\/21434\/revisions\/21436"}],"wp:featuredmedia":[{"embeddable":true,"href":"https:\/\/blogdorogeriogomes.com.br\/noticias\/wp-json\/wp\/v2\/media\/21435"}],"wp:attachment":[{"href":"https:\/\/blogdorogeriogomes.com.br\/noticias\/wp-json\/wp\/v2\/media?parent=21434"}],"wp:term":[{"taxonomy":"category","embeddable":true,"href":"https:\/\/blogdorogeriogomes.com.br\/noticias\/wp-json\/wp\/v2\/categories?post=21434"},{"taxonomy":"post_tag","embeddable":true,"href":"https:\/\/blogdorogeriogomes.com.br\/noticias\/wp-json\/wp\/v2\/tags?post=21434"}],"curies":[{"name":"wp","href":"https:\/\/api.w.org\/{rel}","templated":true}]}}