{"id":21437,"date":"2021-05-29T11:30:52","date_gmt":"2021-05-29T11:30:52","guid":{"rendered":"https:\/\/blogdorogeriogomes.com.br\/?p=21437"},"modified":"2021-05-31T09:27:47","modified_gmt":"2021-05-31T09:27:47","slug":"crise-de-energia-no-pais-comeca-a-provocar-apagoes-e-nova-alta-no-preco-da-tarifa-em-junho","status":"publish","type":"post","link":"https:\/\/blogdorogeriogomes.com.br\/noticias\/2021\/05\/crise-de-energia-no-pais-comeca-a-provocar-apagoes-e-nova-alta-no-preco-da-tarifa-em-junho\/","title":{"rendered":"Crise de energia no Pa\u00eds come\u00e7a a provocar apag\u00f5es e nova alta no pre\u00e7o da tarifa em junho"},"content":{"rendered":"\n<p>Se j\u00e1 n\u00e3o bastasse a pandemia da Covid-19, o brasileiro passa a enfrentar um outro grave problema: a possibilidade de apag\u00f5es do sistema el\u00e9trico devido a crise h\u00eddrica nos reservat\u00f3rios. A possibilidade j\u00e1 \u00e9 admitida pelo pr\u00f3prio Governo Federal. E, como consequ\u00eancia, as contas de luz no Brasil ficar\u00e3o mais caras em junho, com o acionamento da chamada bandeira tarif\u00e1ria vermelha n\u00edvel 2, a mais custosa prevista no mecanismo que gera cobran\u00e7as adicionais quando a oferta de energia no sistema \u00e9 menor, em meio a uma crise hidrol\u00f3gica hist\u00f3rica no pa\u00eds.<\/p>\n\n\n\n<p>A Ag\u00eancia Nacional de Energia El\u00e9trica (Aneel) informou que a mudan\u00e7a na bandeira, que em maio foi vermelha n\u00edvel 1, deve-se ao in\u00edcio do pr\u00f3ximo m\u00eas com os principais reservat\u00f3rios hidrel\u00e9tricos &#8220;em n\u00edveis mais baixos para essa \u00e9poca do ano&#8221;.<\/p>\n\n\n\n<p>Nesta sexta-feira, dia 28 de maio, um problema na linha de transmiss\u00e3o que leva energia el\u00e9trica do Par\u00e1 para o restante do pa\u00eds desligou sete turbinas da usina hidrel\u00e9trica de Belo Monte e deixou diversos estados sem energia por cerca de 20 minutos. O Governo Federal promete acionar usinas termoel\u00e9tricas, que s\u00e3o utilizadas quando o n\u00edvel dos reservat\u00f3rios faz cair a produ\u00e7\u00e3o de energia hidroel\u00e9trica. O que n\u00e3o se sabe \u00e9 se isso ser\u00e1 suficiente para evitar situa\u00e7\u00f5es de apag\u00e3o e at\u00e9 racionamento no segundo semestre de 2021.<\/p>\n\n\n\n<figure class=\"wp-block-image size-large\"><img loading=\"lazy\" decoding=\"async\" width=\"678\" height=\"452\" src=\"https:\/\/blogdorogeriogomes.com.br\/wp-content\/uploads\/2021\/05\/images-7.jpeg\" alt=\"\" class=\"wp-image-21438\" srcset=\"https:\/\/blogdorogeriogomes.com.br\/noticias\/wp-content\/uploads\/2021\/05\/images-7.jpeg 678w, https:\/\/blogdorogeriogomes.com.br\/noticias\/wp-content\/uploads\/2021\/05\/images-7-300x200.jpeg 300w\" sizes=\"auto, (max-width: 678px) 100vw, 678px\" \/><\/figure>\n","protected":false},"excerpt":{"rendered":"<p>Se j\u00e1 n\u00e3o bastasse a pandemia da Covid-19, o brasileiro passa a enfrentar um outro grave problema: a possibilidade de apag\u00f5es do sistema el\u00e9trico devido a crise h\u00eddrica nos reservat\u00f3rios. A possibilidade j\u00e1 \u00e9 admitida pelo pr\u00f3prio Governo Federal. E, como consequ\u00eancia, as contas de luz no Brasil ficar\u00e3o mais caras em junho, com o acionamento da chamada bandeira tarif\u00e1ria vermelha n\u00edvel 2, a mais custosa prevista no mecanismo que gera cobran\u00e7as adicionais quando a oferta de energia no&hellip;<\/p>\n","protected":false},"author":1,"featured_media":21438,"comment_status":"open","ping_status":"open","sticky":false,"template":"","format":"standard","meta":{"footnotes":""},"categories":[1],"tags":[],"class_list":["post-21437","post","type-post","status-publish","format-standard","has-post-thumbnail","hentry","category-noticias"],"_links":{"self":[{"href":"https:\/\/blogdorogeriogomes.com.br\/noticias\/wp-json\/wp\/v2\/posts\/21437","targetHints":{"allow":["GET"]}}],"collection":[{"href":"https:\/\/blogdorogeriogomes.com.br\/noticias\/wp-json\/wp\/v2\/posts"}],"about":[{"href":"https:\/\/blogdorogeriogomes.com.br\/noticias\/wp-json\/wp\/v2\/types\/post"}],"author":[{"embeddable":true,"href":"https:\/\/blogdorogeriogomes.com.br\/noticias\/wp-json\/wp\/v2\/users\/1"}],"replies":[{"embeddable":true,"href":"https:\/\/blogdorogeriogomes.com.br\/noticias\/wp-json\/wp\/v2\/comments?post=21437"}],"version-history":[{"count":1,"href":"https:\/\/blogdorogeriogomes.com.br\/noticias\/wp-json\/wp\/v2\/posts\/21437\/revisions"}],"predecessor-version":[{"id":21439,"href":"https:\/\/blogdorogeriogomes.com.br\/noticias\/wp-json\/wp\/v2\/posts\/21437\/revisions\/21439"}],"wp:featuredmedia":[{"embeddable":true,"href":"https:\/\/blogdorogeriogomes.com.br\/noticias\/wp-json\/wp\/v2\/media\/21438"}],"wp:attachment":[{"href":"https:\/\/blogdorogeriogomes.com.br\/noticias\/wp-json\/wp\/v2\/media?parent=21437"}],"wp:term":[{"taxonomy":"category","embeddable":true,"href":"https:\/\/blogdorogeriogomes.com.br\/noticias\/wp-json\/wp\/v2\/categories?post=21437"},{"taxonomy":"post_tag","embeddable":true,"href":"https:\/\/blogdorogeriogomes.com.br\/noticias\/wp-json\/wp\/v2\/tags?post=21437"}],"curies":[{"name":"wp","href":"https:\/\/api.w.org\/{rel}","templated":true}]}}