{"id":21441,"date":"2021-05-30T11:20:51","date_gmt":"2021-05-30T11:20:51","guid":{"rendered":"https:\/\/blogdorogeriogomes.com.br\/?p=21441"},"modified":"2021-05-31T09:27:26","modified_gmt":"2021-05-31T09:27:26","slug":"oposicao-mostra-forca-com-o-protesto-fora-bolsonaro-em-213-cidades-do-pais","status":"publish","type":"post","link":"https:\/\/blogdorogeriogomes.com.br\/noticias\/2021\/05\/oposicao-mostra-forca-com-o-protesto-fora-bolsonaro-em-213-cidades-do-pais\/","title":{"rendered":"Oposi\u00e7\u00e3o mostra for\u00e7a com o protesto &#8220;Fora Bolsonaro&#8221; em 213 cidades do Pa\u00eds"},"content":{"rendered":"\n<p>O desgaste provocado pelas mais de 461 mil mortes no Pa\u00eds pela Covid-19 fez com milhares de brasileiros ganhassem as ruas, neste s\u00e1bado, dia 29 de maio. S\u00e3o pessoas insatisfeitas com a pol\u00edtica do Governo Bolsonaro no combate \u00e0 pandemia e que defendem o impeachment do Presidente da Rep\u00fablica. A pauta tamb\u00e9m incluiu o aumento do aux\u00edlio emergencial para R$ 600 reais. Os protestos foram registrados em 213 cidades do Pa\u00eds, principalmente, nas capitais. At\u00e9 ent\u00e3o, as manifesta\u00e7\u00f5es estavam restritas aos apoiadores de Bolsonaro, que s\u00e3o contra o distanciamento social e a favor de ado\u00e7\u00e3o de tratamento precoce da doen\u00e7a, sem qualquer efic\u00e1cia cient\u00edfica comprovada.<\/p>\n\n\n\n<p>Capitais como S\u00e3o Paulo, Rio de Janeiro, Bras\u00edlia, Salvador e Recife tiveram grande presen\u00e7a de p\u00fablico nas ruas pedindo o &#8220;Fora Bolsonaro&#8221;. Organizadores das passeatas recomendaram uso de m\u00e1scaras durante o protesto.<\/p>\n\n\n\n<p>O fato \u00e9 que opositores do Governo Federal mostraram for\u00e7a, o que reflete o desgaste de Jair Bolsonaro diante da maioria da popula\u00e7\u00e3o. Segundo a \u00faltima pesquisa Datafolha, Bolsonaro faz um governo considerado ruim ou p\u00e9ssimo por 45% dos consultados. Outros 30% o consideram regular, enquanto, para 24%, a gest\u00e3o \u00e9 \u00f3tima ou boa.<\/p>\n\n\n\n<p>Em Fortaleza, foram registradas manifesta\u00e7\u00f5es no Benfica e tamb\u00e9m uma carreata que percorreu v\u00e1rias avenidas da Capital. O ponto de sa\u00edda foi o Centro de Forma\u00e7\u00e3o Ol\u00edmpica, ao lado da Arena Castel\u00e3o.<\/p>\n\n\n\n<p>Em suas redes sociais, Jair Bolsonaro n\u00e3o comentou diretamente as manifesta\u00e7\u00f5es. Apenas publicou uma foto em que segura uma camiseta com os dizeres: &#8220;Imorr\u00edvel, imbrox\u00e1vel, incom\u00edvel&#8221;. <\/p>\n\n\n\n<figure class=\"wp-block-image size-large\"><img loading=\"lazy\" decoding=\"async\" width=\"643\" height=\"477\" src=\"https:\/\/blogdorogeriogomes.com.br\/wp-content\/uploads\/2021\/05\/images-8.jpeg\" alt=\"\" class=\"wp-image-21442\" srcset=\"https:\/\/blogdorogeriogomes.com.br\/noticias\/wp-content\/uploads\/2021\/05\/images-8.jpeg 643w, https:\/\/blogdorogeriogomes.com.br\/noticias\/wp-content\/uploads\/2021\/05\/images-8-300x223.jpeg 300w\" sizes=\"auto, (max-width: 643px) 100vw, 643px\" \/><\/figure>\n","protected":false},"excerpt":{"rendered":"<p>O desgaste provocado pelas mais de 461 mil mortes no Pa\u00eds pela Covid-19 fez com milhares de brasileiros ganhassem as ruas, neste s\u00e1bado, dia 29 de maio. S\u00e3o pessoas insatisfeitas com a pol\u00edtica do Governo Bolsonaro no combate \u00e0 pandemia e que defendem o impeachment do Presidente da Rep\u00fablica. A pauta tamb\u00e9m incluiu o aumento do aux\u00edlio emergencial para R$ 600 reais. Os protestos foram registrados em 213 cidades do Pa\u00eds, principalmente, nas capitais. At\u00e9 ent\u00e3o, as manifesta\u00e7\u00f5es estavam&hellip;<\/p>\n","protected":false},"author":1,"featured_media":21442,"comment_status":"open","ping_status":"open","sticky":false,"template":"","format":"standard","meta":{"footnotes":""},"categories":[1],"tags":[],"class_list":["post-21441","post","type-post","status-publish","format-standard","has-post-thumbnail","hentry","category-noticias"],"_links":{"self":[{"href":"https:\/\/blogdorogeriogomes.com.br\/noticias\/wp-json\/wp\/v2\/posts\/21441","targetHints":{"allow":["GET"]}}],"collection":[{"href":"https:\/\/blogdorogeriogomes.com.br\/noticias\/wp-json\/wp\/v2\/posts"}],"about":[{"href":"https:\/\/blogdorogeriogomes.com.br\/noticias\/wp-json\/wp\/v2\/types\/post"}],"author":[{"embeddable":true,"href":"https:\/\/blogdorogeriogomes.com.br\/noticias\/wp-json\/wp\/v2\/users\/1"}],"replies":[{"embeddable":true,"href":"https:\/\/blogdorogeriogomes.com.br\/noticias\/wp-json\/wp\/v2\/comments?post=21441"}],"version-history":[{"count":1,"href":"https:\/\/blogdorogeriogomes.com.br\/noticias\/wp-json\/wp\/v2\/posts\/21441\/revisions"}],"predecessor-version":[{"id":21443,"href":"https:\/\/blogdorogeriogomes.com.br\/noticias\/wp-json\/wp\/v2\/posts\/21441\/revisions\/21443"}],"wp:featuredmedia":[{"embeddable":true,"href":"https:\/\/blogdorogeriogomes.com.br\/noticias\/wp-json\/wp\/v2\/media\/21442"}],"wp:attachment":[{"href":"https:\/\/blogdorogeriogomes.com.br\/noticias\/wp-json\/wp\/v2\/media?parent=21441"}],"wp:term":[{"taxonomy":"category","embeddable":true,"href":"https:\/\/blogdorogeriogomes.com.br\/noticias\/wp-json\/wp\/v2\/categories?post=21441"},{"taxonomy":"post_tag","embeddable":true,"href":"https:\/\/blogdorogeriogomes.com.br\/noticias\/wp-json\/wp\/v2\/tags?post=21441"}],"curies":[{"name":"wp","href":"https:\/\/api.w.org\/{rel}","templated":true}]}}