{"id":21445,"date":"2021-05-31T09:59:56","date_gmt":"2021-05-31T09:59:56","guid":{"rendered":"https:\/\/blogdorogeriogomes.com.br\/?p=21445"},"modified":"2021-06-02T14:21:21","modified_gmt":"2021-06-02T14:21:21","slug":"comite-vai-reavaliar-nesta-terca-feira-documento-obrigatorio-para-vacinacao-de-professores-no-ceara","status":"publish","type":"post","link":"https:\/\/blogdorogeriogomes.com.br\/noticias\/2021\/05\/comite-vai-reavaliar-nesta-terca-feira-documento-obrigatorio-para-vacinacao-de-professores-no-ceara\/","title":{"rendered":"Comit\u00ea vai reavaliar nesta ter\u00e7a-feira documento obrigat\u00f3rio para vacina\u00e7\u00e3o de professores no Cear\u00e1"},"content":{"rendered":"\n<p>Os profissionais de educa\u00e7\u00e3o no Cear\u00e1 come\u00e7aram a ser vacinados contra a Covid-19 no \u00faltimo fim de semana. Para receber a primeira dose, profissionais precisam assinar termo de responsabilidade onde se comprometem a retornar ao presencial no segundo semestre. Essa obrigatoriedade tem gerado reclama\u00e7\u00e3o de professores e sindicatos da categoria.<\/p>\n\n\n\n<p>Nesta ter\u00e7a-feira, dia 1\u00b0 de junho, o comit\u00ea formado pela Secretaria de Sa\u00fade do Estado, gestores de sa\u00fade municipais e o Minist\u00e9rio P\u00fablico do Estado pode reavaliar a obrigatoriedade do documento.&nbsp;<\/p>\n\n\n\n<p>&#8220;Sou totalmente contra o retorno presencial, enquanto n\u00e3o haja a seguran\u00e7a sanit\u00e1ria. Sem isso, estar\u00edamos colocando em risco mais da metade da popula\u00e7\u00e3o de Fortaleza&#8221;, avaliou o vereador de Fortaleza, L\u00facio Bruno (PDT), que ligado a administra\u00e7\u00e3o do prefeito Jos\u00e9 Sarto.<\/p>\n\n\n\n<figure class=\"wp-block-image size-large\"><img loading=\"lazy\" decoding=\"async\" width=\"678\" height=\"452\" src=\"https:\/\/blogdorogeriogomes.com.br\/wp-content\/uploads\/2021\/05\/images-9.jpeg\" alt=\"\" class=\"wp-image-21446\" srcset=\"https:\/\/blogdorogeriogomes.com.br\/noticias\/wp-content\/uploads\/2021\/05\/images-9.jpeg 678w, https:\/\/blogdorogeriogomes.com.br\/noticias\/wp-content\/uploads\/2021\/05\/images-9-300x200.jpeg 300w\" sizes=\"auto, (max-width: 678px) 100vw, 678px\" \/><\/figure>\n","protected":false},"excerpt":{"rendered":"<p>Os profissionais de educa\u00e7\u00e3o no Cear\u00e1 come\u00e7aram a ser vacinados contra a Covid-19 no \u00faltimo fim de semana. Para receber a primeira dose, profissionais precisam assinar termo de responsabilidade onde se comprometem a retornar ao presencial no segundo semestre. Essa obrigatoriedade tem gerado reclama\u00e7\u00e3o de professores e sindicatos da categoria. Nesta ter\u00e7a-feira, dia 1\u00b0 de junho, o comit\u00ea formado pela Secretaria de Sa\u00fade do Estado, gestores de sa\u00fade municipais e o Minist\u00e9rio P\u00fablico do Estado pode reavaliar a obrigatoriedade&hellip;<\/p>\n","protected":false},"author":1,"featured_media":21425,"comment_status":"open","ping_status":"open","sticky":false,"template":"","format":"standard","meta":{"footnotes":""},"categories":[1],"tags":[],"class_list":["post-21445","post","type-post","status-publish","format-standard","has-post-thumbnail","hentry","category-noticias"],"_links":{"self":[{"href":"https:\/\/blogdorogeriogomes.com.br\/noticias\/wp-json\/wp\/v2\/posts\/21445","targetHints":{"allow":["GET"]}}],"collection":[{"href":"https:\/\/blogdorogeriogomes.com.br\/noticias\/wp-json\/wp\/v2\/posts"}],"about":[{"href":"https:\/\/blogdorogeriogomes.com.br\/noticias\/wp-json\/wp\/v2\/types\/post"}],"author":[{"embeddable":true,"href":"https:\/\/blogdorogeriogomes.com.br\/noticias\/wp-json\/wp\/v2\/users\/1"}],"replies":[{"embeddable":true,"href":"https:\/\/blogdorogeriogomes.com.br\/noticias\/wp-json\/wp\/v2\/comments?post=21445"}],"version-history":[{"count":2,"href":"https:\/\/blogdorogeriogomes.com.br\/noticias\/wp-json\/wp\/v2\/posts\/21445\/revisions"}],"predecessor-version":[{"id":21486,"href":"https:\/\/blogdorogeriogomes.com.br\/noticias\/wp-json\/wp\/v2\/posts\/21445\/revisions\/21486"}],"wp:featuredmedia":[{"embeddable":true,"href":"https:\/\/blogdorogeriogomes.com.br\/noticias\/wp-json\/wp\/v2\/media\/21425"}],"wp:attachment":[{"href":"https:\/\/blogdorogeriogomes.com.br\/noticias\/wp-json\/wp\/v2\/media?parent=21445"}],"wp:term":[{"taxonomy":"category","embeddable":true,"href":"https:\/\/blogdorogeriogomes.com.br\/noticias\/wp-json\/wp\/v2\/categories?post=21445"},{"taxonomy":"post_tag","embeddable":true,"href":"https:\/\/blogdorogeriogomes.com.br\/noticias\/wp-json\/wp\/v2\/tags?post=21445"}],"curies":[{"name":"wp","href":"https:\/\/api.w.org\/{rel}","templated":true}]}}