{"id":21448,"date":"2021-05-31T10:33:50","date_gmt":"2021-05-31T10:33:50","guid":{"rendered":"https:\/\/blogdorogeriogomes.com.br\/?p=21448"},"modified":"2021-06-02T14:21:11","modified_gmt":"2021-06-02T14:21:11","slug":"feirinha-da-beira-mar-volta-a-funcionar-nesta-segunda-feira-com-50-da-capacidade","status":"publish","type":"post","link":"https:\/\/blogdorogeriogomes.com.br\/noticias\/2021\/05\/feirinha-da-beira-mar-volta-a-funcionar-nesta-segunda-feira-com-50-da-capacidade\/","title":{"rendered":"Feirinha da Beira Mar volta a funcionar nesta segunda-feira com 50% da capacidade"},"content":{"rendered":"\n<p>O prefeito de Fortaleza, Jos\u00e9 Sarto, confirmou que a tradicional Feirinha da Beira Mar, no bairro Meireles, em Fortaleza, volta a funcionar a partir desta segunda-feira, dia 31 de maio, com as atividades com a restri\u00e7\u00e3o de 50% da capacidade de trabalhadores e com os dias alternados. As atividades estavam suspensas desde o dia 5 de mar\u00e7o, quando a Capital cearense entrou esteve em isolamento r\u00edgido. Apesar da libera\u00e7\u00e3o da Feirinha da Beira Mar, em Fortaleza, as demais feiras na Capital e no Estado seguem com as atividades suspensas.<\/p>\n\n\n\n<p>A partir desta segunda-feira, est\u00e1 valendo o novo decreto estadual com as medidas de enfrentamento \u00e0 pandemia no Cear\u00e1. Por mais uma semana, as regras para as atividades n\u00e3o essenciais nas macrorregi\u00f5es de Fortaleza e de Sobral est\u00e3o mantidas. Agora, essa mesma condi\u00e7\u00e3o de flexibiliza\u00e7\u00e3o est\u00e1 liberada para as macrorregi\u00f5es do Litoral Leste\/Vale do Jaguaribe e do Sert\u00e3o Central. A regi\u00e3o do Cariri segue com restri\u00e7\u00f5es mais intensas de dias e hor\u00e1rios de funcionamento. <\/p>\n\n\n\n<figure class=\"wp-block-image size-large\"><img loading=\"lazy\" decoding=\"async\" width=\"678\" height=\"452\" src=\"https:\/\/blogdorogeriogomes.com.br\/wp-content\/uploads\/2021\/05\/images-10.jpeg\" alt=\"\" class=\"wp-image-21449\" srcset=\"https:\/\/blogdorogeriogomes.com.br\/noticias\/wp-content\/uploads\/2021\/05\/images-10.jpeg 678w, https:\/\/blogdorogeriogomes.com.br\/noticias\/wp-content\/uploads\/2021\/05\/images-10-300x200.jpeg 300w\" sizes=\"auto, (max-width: 678px) 100vw, 678px\" \/><\/figure>\n\n\n\n<p><\/p>\n","protected":false},"excerpt":{"rendered":"<p>O prefeito de Fortaleza, Jos\u00e9 Sarto, confirmou que a tradicional Feirinha da Beira Mar, no bairro Meireles, em Fortaleza, volta a funcionar a partir desta segunda-feira, dia 31 de maio, com as atividades com a restri\u00e7\u00e3o de 50% da capacidade de trabalhadores e com os dias alternados. As atividades estavam suspensas desde o dia 5 de mar\u00e7o, quando a Capital cearense entrou esteve em isolamento r\u00edgido. Apesar da libera\u00e7\u00e3o da Feirinha da Beira Mar, em Fortaleza, as demais feiras&hellip;<\/p>\n","protected":false},"author":1,"featured_media":21449,"comment_status":"open","ping_status":"open","sticky":false,"template":"","format":"standard","meta":{"footnotes":""},"categories":[1],"tags":[],"class_list":["post-21448","post","type-post","status-publish","format-standard","has-post-thumbnail","hentry","category-noticias"],"_links":{"self":[{"href":"https:\/\/blogdorogeriogomes.com.br\/noticias\/wp-json\/wp\/v2\/posts\/21448","targetHints":{"allow":["GET"]}}],"collection":[{"href":"https:\/\/blogdorogeriogomes.com.br\/noticias\/wp-json\/wp\/v2\/posts"}],"about":[{"href":"https:\/\/blogdorogeriogomes.com.br\/noticias\/wp-json\/wp\/v2\/types\/post"}],"author":[{"embeddable":true,"href":"https:\/\/blogdorogeriogomes.com.br\/noticias\/wp-json\/wp\/v2\/users\/1"}],"replies":[{"embeddable":true,"href":"https:\/\/blogdorogeriogomes.com.br\/noticias\/wp-json\/wp\/v2\/comments?post=21448"}],"version-history":[{"count":1,"href":"https:\/\/blogdorogeriogomes.com.br\/noticias\/wp-json\/wp\/v2\/posts\/21448\/revisions"}],"predecessor-version":[{"id":21450,"href":"https:\/\/blogdorogeriogomes.com.br\/noticias\/wp-json\/wp\/v2\/posts\/21448\/revisions\/21450"}],"wp:featuredmedia":[{"embeddable":true,"href":"https:\/\/blogdorogeriogomes.com.br\/noticias\/wp-json\/wp\/v2\/media\/21449"}],"wp:attachment":[{"href":"https:\/\/blogdorogeriogomes.com.br\/noticias\/wp-json\/wp\/v2\/media?parent=21448"}],"wp:term":[{"taxonomy":"category","embeddable":true,"href":"https:\/\/blogdorogeriogomes.com.br\/noticias\/wp-json\/wp\/v2\/categories?post=21448"},{"taxonomy":"post_tag","embeddable":true,"href":"https:\/\/blogdorogeriogomes.com.br\/noticias\/wp-json\/wp\/v2\/tags?post=21448"}],"curies":[{"name":"wp","href":"https:\/\/api.w.org\/{rel}","templated":true}]}}