{"id":21451,"date":"2021-05-31T18:26:55","date_gmt":"2021-05-31T18:26:55","guid":{"rendered":"https:\/\/blogdorogeriogomes.com.br\/?p=21451"},"modified":"2021-06-02T14:22:37","modified_gmt":"2021-06-02T14:22:37","slug":"lula-e-camilo-se-reuniram-para-discutir-saidas-para-o-enfrentamento-a-pandemia-no-pais","status":"publish","type":"post","link":"https:\/\/blogdorogeriogomes.com.br\/noticias\/2021\/05\/lula-e-camilo-se-reuniram-para-discutir-saidas-para-o-enfrentamento-a-pandemia-no-pais\/","title":{"rendered":"Lula e Camilo se reuniram para discutir sa\u00eddas para o enfrentamento \u00e0 pandemia no Pa\u00eds"},"content":{"rendered":"\n<p>As articula\u00e7\u00f5es do ex-presidente Lula seguem fortes para a corrida presidencial de 2022. Dentre as reuni\u00f5es virtuais feitas com representantes do PT pelos estados, o l\u00edder petista conversou com o governador do Cear\u00e1, Camilo Santana, para discutir estrat\u00e9gias e solu\u00e7\u00f5es para um combate mais efetivo aos efeitos causados pela pandemia no Pa\u00eds. Segundo divulgou Lula em suas redes sociais, o encontro foi feito no intuito de debater a &#8220;urg\u00eancia da necessidade de ampliar a vacina\u00e7\u00e3o e o aux\u00edlio emergencial&#8221;. Lula tamb\u00e9m conversou virtualmente com os governadores F\u00e1tima Bezerra (Rio Grande do Norte, Rui Costa (Bahia) e Wellington Dias (Piau\u00ed).<\/p>\n\n\n\n<p>O petista faz as suas reuni\u00f5es em um cen\u00e1rio de pesquisas positivas envolvendo as suas chances de vencer as elei\u00e7\u00f5es no pr\u00f3ximo ano. A \u00faltima divulga\u00e7\u00e3o do Datafolha apontou para uma vit\u00f3ria do petista com 55% das inten\u00e7\u00f5es de votos contra 32% do atual presidente Jair Bolsonaro (sem partido) no segundo turno. Segundo pesquisa do Valor Econ\u00f4mico, no Cear\u00e1, Lula tem aprova\u00e7\u00e3o maior do que Ciro Gomes (PDT). Pol\u00edtico de melhor avalia\u00e7\u00e3o entre os cearenses, Camilo Santana deve ser bastante disputado entre as for\u00e7as pedetistas e petistas.<\/p>\n\n\n\n<figure class=\"wp-block-image size-large\"><img loading=\"lazy\" decoding=\"async\" width=\"750\" height=\"500\" src=\"https:\/\/blogdorogeriogomes.com.br\/wp-content\/uploads\/2021\/05\/1_lulacamilo-15953194.jpg\" alt=\"\" class=\"wp-image-21452\" srcset=\"https:\/\/blogdorogeriogomes.com.br\/noticias\/wp-content\/uploads\/2021\/05\/1_lulacamilo-15953194.jpg 750w, https:\/\/blogdorogeriogomes.com.br\/noticias\/wp-content\/uploads\/2021\/05\/1_lulacamilo-15953194-300x200.jpg 300w\" sizes=\"auto, (max-width: 750px) 100vw, 750px\" \/><\/figure>\n","protected":false},"excerpt":{"rendered":"<p>As articula\u00e7\u00f5es do ex-presidente Lula seguem fortes para a corrida presidencial de 2022. Dentre as reuni\u00f5es virtuais feitas com representantes do PT pelos estados, o l\u00edder petista conversou com o governador do Cear\u00e1, Camilo Santana, para discutir estrat\u00e9gias e solu\u00e7\u00f5es para um combate mais efetivo aos efeitos causados pela pandemia no Pa\u00eds. Segundo divulgou Lula em suas redes sociais, o encontro foi feito no intuito de debater a &#8220;urg\u00eancia da necessidade de ampliar a vacina\u00e7\u00e3o e o aux\u00edlio emergencial&#8221;.&hellip;<\/p>\n","protected":false},"author":1,"featured_media":21452,"comment_status":"open","ping_status":"open","sticky":false,"template":"","format":"standard","meta":{"footnotes":""},"categories":[1],"tags":[],"class_list":["post-21451","post","type-post","status-publish","format-standard","has-post-thumbnail","hentry","category-noticias"],"_links":{"self":[{"href":"https:\/\/blogdorogeriogomes.com.br\/noticias\/wp-json\/wp\/v2\/posts\/21451","targetHints":{"allow":["GET"]}}],"collection":[{"href":"https:\/\/blogdorogeriogomes.com.br\/noticias\/wp-json\/wp\/v2\/posts"}],"about":[{"href":"https:\/\/blogdorogeriogomes.com.br\/noticias\/wp-json\/wp\/v2\/types\/post"}],"author":[{"embeddable":true,"href":"https:\/\/blogdorogeriogomes.com.br\/noticias\/wp-json\/wp\/v2\/users\/1"}],"replies":[{"embeddable":true,"href":"https:\/\/blogdorogeriogomes.com.br\/noticias\/wp-json\/wp\/v2\/comments?post=21451"}],"version-history":[{"count":1,"href":"https:\/\/blogdorogeriogomes.com.br\/noticias\/wp-json\/wp\/v2\/posts\/21451\/revisions"}],"predecessor-version":[{"id":21453,"href":"https:\/\/blogdorogeriogomes.com.br\/noticias\/wp-json\/wp\/v2\/posts\/21451\/revisions\/21453"}],"wp:featuredmedia":[{"embeddable":true,"href":"https:\/\/blogdorogeriogomes.com.br\/noticias\/wp-json\/wp\/v2\/media\/21452"}],"wp:attachment":[{"href":"https:\/\/blogdorogeriogomes.com.br\/noticias\/wp-json\/wp\/v2\/media?parent=21451"}],"wp:term":[{"taxonomy":"category","embeddable":true,"href":"https:\/\/blogdorogeriogomes.com.br\/noticias\/wp-json\/wp\/v2\/categories?post=21451"},{"taxonomy":"post_tag","embeddable":true,"href":"https:\/\/blogdorogeriogomes.com.br\/noticias\/wp-json\/wp\/v2\/tags?post=21451"}],"curies":[{"name":"wp","href":"https:\/\/api.w.org\/{rel}","templated":true}]}}