{"id":21459,"date":"2021-05-31T23:21:45","date_gmt":"2021-05-31T23:21:45","guid":{"rendered":"https:\/\/blogdorogeriogomes.com.br\/?p=21459"},"modified":"2021-06-02T14:20:33","modified_gmt":"2021-06-02T14:20:33","slug":"decisao-do-governo-bolsonaro-para-que-o-brasil-seja-sede-da-copa-america-repercute-mal-oposicao-vai-recorrer-ao-stf-para-impedir-o-torneio","status":"publish","type":"post","link":"https:\/\/blogdorogeriogomes.com.br\/noticias\/2021\/05\/decisao-do-governo-bolsonaro-para-que-o-brasil-seja-sede-da-copa-america-repercute-mal-oposicao-vai-recorrer-ao-stf-para-impedir-o-torneio\/","title":{"rendered":"Decis\u00e3o do Governo Bolsonaro para que o Brasil seja sede da Copa Am\u00e9rica repercute mal. Oposi\u00e7\u00e3o vai recorrer ao STF para impedir o torneio"},"content":{"rendered":"\n<p>Os mais de 462 mil mortos por Covid-19 no Brasil parecem n\u00e3o ser o suficiente para que o Governo Bolsonaro d\u00ea mais uma &#8220;bola fora&#8221; no enfrentamento da pandemia. Nesta segunda-feira, dia 31 de maio, a Conmebol confirmou que a Copa Am\u00e9rica ser\u00e1 sediada no Brasil, em comum acordo com o Governo Federal e a CBF,&nbsp;ap\u00f3s desist\u00eancia da Argentina e Col\u00f4mbia por conta do aumento de casos da Covid-19. A rea\u00e7\u00e3o negativa foi imediata entre pol\u00edticos, infectologistas e jornalistas da \u00e1rea esportiva. Al\u00e9m de o Brasil estar com uma m\u00e9dia alta de casos e mortes, a baixa vacina\u00e7\u00e3o ainda coloca a popula\u00e7\u00e3o em risco por causa do surgimento de novas cepas e a poss\u00edvel terceira onda da pandemia, anunciada pelos especialistas.<\/p>\n\n\n\n<p>A Copa Am\u00e9rica re\u00fane a participa\u00e7\u00e3o de 10 sele\u00e7\u00f5es de pa\u00edses diferentes, com pelo menos 65 pessoas por cada delega\u00e7\u00e3o. Isso sem contar jornalistas e torcedores que devem aproveitar a competi\u00e7\u00e3o para fazer turismo, mesmo sem poder entrar nos est\u00e1dios. Os jogos s\u00e3o sem p\u00fablico. O per\u00edodo da competi\u00e7\u00e3o \u00e9 de 10 de junho a 11 de julho.<\/p>\n\n\n\n<p>A CBF tenta organizar os estados que sediar\u00e3o os jogos. Os governos de Pernambuco e Rio Grande do Norte j\u00e1 descartaram receber partidas da competi\u00e7\u00e3o. Temem agravar os casos de coronav\u00edrus e atrair novas variantes.<\/p>\n\n\n\n<p>O pr\u00f3prio Governo Federal preferiu demonstrar cautela no fim de tarde, diante da repercuss\u00e3o negativa, inclusive, no cen\u00e1rio internacional. O Ministro da Casa Civil, Luiz Eduardo Ramos, afirmou em declara\u00e7\u00e3o no Pal\u00e1cio do Planalto que o Governo est\u00e1 analisando o cen\u00e1rio e impondo condi\u00e7\u00f5es sanit\u00e1rias para o torneio acontecer no Pa\u00eds.<\/p>\n\n\n\n<p>Mas a oposi\u00e7\u00e3o n\u00e3o perdeu tempo. O PT e o deputado federal J\u00falio Delgado (PSB-MG) anunciaram que v\u00e3o entrar no Supremo Tribunal Federal (STF) com uma a\u00e7\u00e3o pedindo que a Copa Am\u00e9rica n\u00e3o seja realizada no Brasil.<\/p>\n\n\n\n<figure class=\"wp-block-image size-large\"><img loading=\"lazy\" decoding=\"async\" width=\"678\" height=\"452\" src=\"https:\/\/blogdorogeriogomes.com.br\/wp-content\/uploads\/2021\/05\/images-11.jpeg\" alt=\"\" class=\"wp-image-21460\" srcset=\"https:\/\/blogdorogeriogomes.com.br\/noticias\/wp-content\/uploads\/2021\/05\/images-11.jpeg 678w, https:\/\/blogdorogeriogomes.com.br\/noticias\/wp-content\/uploads\/2021\/05\/images-11-300x200.jpeg 300w\" sizes=\"auto, (max-width: 678px) 100vw, 678px\" \/><\/figure>\n","protected":false},"excerpt":{"rendered":"<p>Os mais de 462 mil mortos por Covid-19 no Brasil parecem n\u00e3o ser o suficiente para que o Governo Bolsonaro d\u00ea mais uma &#8220;bola fora&#8221; no enfrentamento da pandemia. Nesta segunda-feira, dia 31 de maio, a Conmebol confirmou que a Copa Am\u00e9rica ser\u00e1 sediada no Brasil, em comum acordo com o Governo Federal e a CBF,&nbsp;ap\u00f3s desist\u00eancia da Argentina e Col\u00f4mbia por conta do aumento de casos da Covid-19. A rea\u00e7\u00e3o negativa foi imediata entre pol\u00edticos, infectologistas e jornalistas&hellip;<\/p>\n","protected":false},"author":1,"featured_media":21460,"comment_status":"open","ping_status":"open","sticky":false,"template":"","format":"standard","meta":{"footnotes":""},"categories":[1],"tags":[],"class_list":["post-21459","post","type-post","status-publish","format-standard","has-post-thumbnail","hentry","category-noticias"],"_links":{"self":[{"href":"https:\/\/blogdorogeriogomes.com.br\/noticias\/wp-json\/wp\/v2\/posts\/21459","targetHints":{"allow":["GET"]}}],"collection":[{"href":"https:\/\/blogdorogeriogomes.com.br\/noticias\/wp-json\/wp\/v2\/posts"}],"about":[{"href":"https:\/\/blogdorogeriogomes.com.br\/noticias\/wp-json\/wp\/v2\/types\/post"}],"author":[{"embeddable":true,"href":"https:\/\/blogdorogeriogomes.com.br\/noticias\/wp-json\/wp\/v2\/users\/1"}],"replies":[{"embeddable":true,"href":"https:\/\/blogdorogeriogomes.com.br\/noticias\/wp-json\/wp\/v2\/comments?post=21459"}],"version-history":[{"count":1,"href":"https:\/\/blogdorogeriogomes.com.br\/noticias\/wp-json\/wp\/v2\/posts\/21459\/revisions"}],"predecessor-version":[{"id":21461,"href":"https:\/\/blogdorogeriogomes.com.br\/noticias\/wp-json\/wp\/v2\/posts\/21459\/revisions\/21461"}],"wp:featuredmedia":[{"embeddable":true,"href":"https:\/\/blogdorogeriogomes.com.br\/noticias\/wp-json\/wp\/v2\/media\/21460"}],"wp:attachment":[{"href":"https:\/\/blogdorogeriogomes.com.br\/noticias\/wp-json\/wp\/v2\/media?parent=21459"}],"wp:term":[{"taxonomy":"category","embeddable":true,"href":"https:\/\/blogdorogeriogomes.com.br\/noticias\/wp-json\/wp\/v2\/categories?post=21459"},{"taxonomy":"post_tag","embeddable":true,"href":"https:\/\/blogdorogeriogomes.com.br\/noticias\/wp-json\/wp\/v2\/tags?post=21459"}],"curies":[{"name":"wp","href":"https:\/\/api.w.org\/{rel}","templated":true}]}}