{"id":21462,"date":"2021-06-01T00:02:03","date_gmt":"2021-06-01T00:02:03","guid":{"rendered":"https:\/\/blogdorogeriogomes.com.br\/?p=21462"},"modified":"2021-06-02T14:20:25","modified_gmt":"2021-06-02T14:20:25","slug":"vacinacao-da-populacao-com-idade-entre-18-e-59-anos-em-fortaleza-devera-comecar-na-proxima-semana","status":"publish","type":"post","link":"https:\/\/blogdorogeriogomes.com.br\/noticias\/2021\/06\/vacinacao-da-populacao-com-idade-entre-18-e-59-anos-em-fortaleza-devera-comecar-na-proxima-semana\/","title":{"rendered":"Vacina\u00e7\u00e3o da popula\u00e7\u00e3o com idade entre 18 e 59 anos em Fortaleza dever\u00e1 come\u00e7ar na pr\u00f3xima semana"},"content":{"rendered":"\n<p>O prefeito de Fortaleza, Jos\u00e9 Sarto, informou nesta segunda-feira, dia 31 de maio, que a vacina\u00e7\u00e3o da popula\u00e7\u00e3o entre 18 a 59 anos deve come\u00e7ar a partir da pr\u00f3xima semana.<br>A primeira dose para popula\u00e7\u00e3o em geral poder\u00e1 come\u00e7ar depois que terminar a vacina\u00e7\u00e3o dos grupos com comorbidades e setores profissionais que est\u00e3o no cronograma priorit\u00e1rio. Por\u00e9m, a medida depende de autoriza\u00e7\u00e3o da Comiss\u00e3o Intergestora Bipartite (CIB).<br>&#8220;Na semana que vem, se Deus permitir, com o trabalho dessa equipe brilhante, a gente come\u00e7ar a vacinar a popula\u00e7\u00e3o em uma ordem decrescente de idade. A gente tem a meta de semana que vem ter not\u00edcias boas em Fortaleza&#8221; disse o prefeito.<br>Na capital cearense, as doses aplicadas somam 611.618 da primeira dose e 323.780 da segunda dose. E no Cear\u00e1, 2.661.294 doses aplicadas.<\/p>\n\n\n\n<figure class=\"wp-block-image size-large\"><img loading=\"lazy\" decoding=\"async\" width=\"678\" height=\"452\" src=\"https:\/\/blogdorogeriogomes.com.br\/wp-content\/uploads\/2021\/05\/IMG-20210531-WA0137.jpg\" alt=\"\" class=\"wp-image-21463\" srcset=\"https:\/\/blogdorogeriogomes.com.br\/noticias\/wp-content\/uploads\/2021\/05\/IMG-20210531-WA0137.jpg 678w, https:\/\/blogdorogeriogomes.com.br\/noticias\/wp-content\/uploads\/2021\/05\/IMG-20210531-WA0137-300x200.jpg 300w\" sizes=\"auto, (max-width: 678px) 100vw, 678px\" \/><\/figure>\n","protected":false},"excerpt":{"rendered":"<p>O prefeito de Fortaleza, Jos\u00e9 Sarto, informou nesta segunda-feira, dia 31 de maio, que a vacina\u00e7\u00e3o da popula\u00e7\u00e3o entre 18 a 59 anos deve come\u00e7ar a partir da pr\u00f3xima semana.A primeira dose para popula\u00e7\u00e3o em geral poder\u00e1 come\u00e7ar depois que terminar a vacina\u00e7\u00e3o dos grupos com comorbidades e setores profissionais que est\u00e3o no cronograma priorit\u00e1rio. Por\u00e9m, a medida depende de autoriza\u00e7\u00e3o da Comiss\u00e3o Intergestora Bipartite (CIB).&#8220;Na semana que vem, se Deus permitir, com o trabalho dessa equipe brilhante, a&hellip;<\/p>\n","protected":false},"author":1,"featured_media":21463,"comment_status":"open","ping_status":"open","sticky":false,"template":"","format":"standard","meta":{"footnotes":""},"categories":[1],"tags":[],"class_list":["post-21462","post","type-post","status-publish","format-standard","has-post-thumbnail","hentry","category-noticias"],"_links":{"self":[{"href":"https:\/\/blogdorogeriogomes.com.br\/noticias\/wp-json\/wp\/v2\/posts\/21462","targetHints":{"allow":["GET"]}}],"collection":[{"href":"https:\/\/blogdorogeriogomes.com.br\/noticias\/wp-json\/wp\/v2\/posts"}],"about":[{"href":"https:\/\/blogdorogeriogomes.com.br\/noticias\/wp-json\/wp\/v2\/types\/post"}],"author":[{"embeddable":true,"href":"https:\/\/blogdorogeriogomes.com.br\/noticias\/wp-json\/wp\/v2\/users\/1"}],"replies":[{"embeddable":true,"href":"https:\/\/blogdorogeriogomes.com.br\/noticias\/wp-json\/wp\/v2\/comments?post=21462"}],"version-history":[{"count":1,"href":"https:\/\/blogdorogeriogomes.com.br\/noticias\/wp-json\/wp\/v2\/posts\/21462\/revisions"}],"predecessor-version":[{"id":21464,"href":"https:\/\/blogdorogeriogomes.com.br\/noticias\/wp-json\/wp\/v2\/posts\/21462\/revisions\/21464"}],"wp:featuredmedia":[{"embeddable":true,"href":"https:\/\/blogdorogeriogomes.com.br\/noticias\/wp-json\/wp\/v2\/media\/21463"}],"wp:attachment":[{"href":"https:\/\/blogdorogeriogomes.com.br\/noticias\/wp-json\/wp\/v2\/media?parent=21462"}],"wp:term":[{"taxonomy":"category","embeddable":true,"href":"https:\/\/blogdorogeriogomes.com.br\/noticias\/wp-json\/wp\/v2\/categories?post=21462"},{"taxonomy":"post_tag","embeddable":true,"href":"https:\/\/blogdorogeriogomes.com.br\/noticias\/wp-json\/wp\/v2\/tags?post=21462"}],"curies":[{"name":"wp","href":"https:\/\/api.w.org\/{rel}","templated":true}]}}